{"id":2856,"date":"2023-10-05T13:53:00","date_gmt":"2023-10-05T16:53:00","guid":{"rendered":"https:\/\/www.facet.unt.edu.ar\/sbe\/?p=2856"},"modified":"2023-10-05T13:56:28","modified_gmt":"2023-10-05T16:56:28","slug":"invitacion-programa-huawei-semillas-para-el-futuro-2023","status":"publish","type":"post","link":"https:\/\/www.facet.unt.edu.ar\/sbe\/2023\/10\/05\/invitacion-programa-huawei-semillas-para-el-futuro-2023\/","title":{"rendered":"Invitaci\u00f3n | Programa Huawei &#8220;Semillas para el Futuro 2023&#8221;"},"content":{"rendered":"<div id=\"pl-2856\"  class=\"panel-layout\"><div id=\"pg-2856-0\"  class=\"panel-grid panel-no-style\"><div id=\"pgc-2856-0-0\"  class=\"panel-grid-cell\"><div id=\"panel-2856-0-0-0\" class=\"so-panel widget widget_black-studio-tinymce widget_black_studio_tinymce panel-first-child panel-last-child\" data-index=\"0\"><div class=\"textwidget\"><p><img class=\"aligncenter size-full wp-image-2858\" src=\"https:\/\/www.facet.unt.edu.ar\/sbe\/wp-content\/uploads\/sites\/77\/2023\/10\/Semillas-flyer-web-mail.png\" alt=\"\" width=\"4500\" height=\"4500\" \/><\/p>\n<\/div><\/div><\/div><div id=\"pgc-2856-0-1\"  class=\"panel-grid-cell\"><div id=\"panel-2856-0-1-0\" class=\"so-panel widget widget_sow-editor panel-first-child panel-last-child\" data-index=\"1\"><div\n\t\t\t\n\t\t\tclass=\"so-widget-sow-editor so-widget-sow-editor-base\">\n<div class=\"siteorigin-widget-tinymce textwidget\">\n\t<p style=\"text-align: justify;\">Huawei invita a los alumnos de la FACET a participar del lanzamiento de la edici\u00f3n 2023 del programa educativo \"Semillas para el Futuro\", que se realizar\u00e1 del 23 al 30 de octubre, de manera virtual.<\/p>\n<p style=\"text-align: justify;\">Este proyecto busca acercar los \u00faltimos conocimientos en materia de telecomunicaciones a los estudiantes de todo el pa\u00eds, y el mundo.<\/p>\n<p style=\"text-align: justify;\">Los participantes podr\u00e1n acceder a una semana de exclusivos workshops online sobre TICs y liderazgo, y el dise\u00f1o y desarrollo de un proyecto y soluci\u00f3n ambiental real dentro del marco \u201cTech4Good\u201d. <\/p><\/div><\/div><\/div><\/div><\/div><\/div><p><a class=\"more-link\" href=\"https:\/\/www.facet.unt.edu.ar\/sbe\/2023\/10\/05\/invitacion-programa-huawei-semillas-para-el-futuro-2023\/\">Leer m\u00e1s<span class=\"meta-nav\">&rarr;<\/span><\/a><\/p>","protected":false},"excerpt":{"rendered":"<p>Huawei invita a los alumnos de la FACET a participar del lanzamiento de la edici\u00f3n 2023 del programa educativo &#8220;Semillas para el Futuro&#8221;, que se realizar\u00e1 del 23 al 30 de octubre, de manera virtual.Este proyecto busca acercar los \u00faltimos conocimientos en materia de telecomunicaciones a los estudiantes de todo el pa\u00eds, y el mundo.Los [&hellip;]<\/p>\n","protected":false},"author":6,"featured_media":2858,"comment_status":"closed","ping_status":"closed","sticky":false,"template":"","format":"standard","meta":[],"categories":[4],"tags":[],"_links":{"self":[{"href":"https:\/\/www.facet.unt.edu.ar\/sbe\/wp-json\/wp\/v2\/posts\/2856"}],"collection":[{"href":"https:\/\/www.facet.unt.edu.ar\/sbe\/wp-json\/wp\/v2\/posts"}],"about":[{"href":"https:\/\/www.facet.unt.edu.ar\/sbe\/wp-json\/wp\/v2\/types\/post"}],"author":[{"embeddable":true,"href":"https:\/\/www.facet.unt.edu.ar\/sbe\/wp-json\/wp\/v2\/users\/6"}],"replies":[{"embeddable":true,"href":"https:\/\/www.facet.unt.edu.ar\/sbe\/wp-json\/wp\/v2\/comments?post=2856"}],"version-history":[{"count":2,"href":"https:\/\/www.facet.unt.edu.ar\/sbe\/wp-json\/wp\/v2\/posts\/2856\/revisions"}],"predecessor-version":[{"id":2859,"href":"https:\/\/www.facet.unt.edu.ar\/sbe\/wp-json\/wp\/v2\/posts\/2856\/revisions\/2859"}],"wp:featuredmedia":[{"embeddable":true,"href":"https:\/\/www.facet.unt.edu.ar\/sbe\/wp-json\/wp\/v2\/media\/2858"}],"wp:attachment":[{"href":"https:\/\/www.facet.unt.edu.ar\/sbe\/wp-json\/wp\/v2\/media?parent=2856"}],"wp:term":[{"taxonomy":"category","embeddable":true,"href":"https:\/\/www.facet.unt.edu.ar\/sbe\/wp-json\/wp\/v2\/categories?post=2856"},{"taxonomy":"post_tag","embeddable":true,"href":"https:\/\/www.facet.unt.edu.ar\/sbe\/wp-json\/wp\/v2\/tags?post=2856"}],"curies":[{"name":"wp","href":"https:\/\/api.w.org\/{rel}","templated":true}]}}