{"id":2873,"date":"2023-10-11T11:48:47","date_gmt":"2023-10-11T14:48:47","guid":{"rendered":"https:\/\/www.facet.unt.edu.ar\/sbe\/?p=2873"},"modified":"2023-10-11T11:48:48","modified_gmt":"2023-10-11T14:48:48","slug":"curso-de-extension-herramientas-y-diseno-en-impresion-3d-con-distintos-softwares","status":"publish","type":"post","link":"https:\/\/www.facet.unt.edu.ar\/sbe\/2023\/10\/11\/curso-de-extension-herramientas-y-diseno-en-impresion-3d-con-distintos-softwares\/","title":{"rendered":"Curso de Extensi\u00f3n \u201cHerramientas y Dise\u00f1o en Impresi\u00f3n 3D con distintos softwares\u201d"},"content":{"rendered":"<div id=\"pl-2873\"  class=\"panel-layout\"><div id=\"pg-2873-0\"  class=\"panel-grid panel-no-style\"><div id=\"pgc-2873-0-0\"  class=\"panel-grid-cell\"><div id=\"panel-2873-0-0-0\" class=\"so-panel widget widget_black-studio-tinymce widget_black_studio_tinymce panel-first-child panel-last-child\" data-index=\"0\"><div class=\"textwidget\"><p><img class=\"aligncenter size-full wp-image-2874\" src=\"https:\/\/www.facet.unt.edu.ar\/sbe\/wp-content\/uploads\/sites\/77\/2023\/10\/CURSO-DE-EXTENSION-IMPRESION-3D-SIST-DE-REP.png\" alt=\"\" width=\"1080\" height=\"1080\" \/><\/p>\n<\/div><\/div><\/div><div id=\"pgc-2873-0-1\"  class=\"panel-grid-cell\"><div id=\"panel-2873-0-1-0\" class=\"so-panel widget widget_sow-editor panel-first-child panel-last-child\" data-index=\"1\"><div\n\t\t\t\n\t\t\tclass=\"so-widget-sow-editor so-widget-sow-editor-base\">\n<div class=\"siteorigin-widget-tinymce textwidget\">\n\t<p style=\"text-align: justify;\">Se invita a estudiantes, graduados, docentes e interesados en la tem\u00e1tica a participar del <strong>Curso de Extensi\u00f3n \u201cHerramientas y Dise\u00f1o en Impresi\u00f3n 3D con distintos softwares\u201d<\/strong>, que dar\u00e1 inicio el <strong>martes 24 de octubre del corriente a\u00f1o<\/strong>. El curso estar\u00e1 a cargo de los <strong>Ingenieros Ricardo Antonio FERN\u00c1NDEZ<\/strong>, <strong>Mart\u00edn Jorge DONAIRE BURGOS<\/strong>, <strong>Ariel Jos\u00e9 Roberto LEZANA<\/strong>, <strong>Marcos Eduardo GEREZ ALBORNOZ<\/strong> y <strong>Valeria Irina RIVERO<\/strong>.<\/p>\n<p style=\"text-align: justify;\">El curso brinda la posibilidad de adquirir los conocimientos b\u00e1sicos e introductorios para el desarrollo de un producto determinado, partiendo de su dise\u00f1o y modelizaci\u00f3n en un software, posteriormente un procesado digital para impresi\u00f3n 3D, y finalmente la impresi\u00f3n de un modelo para comprender el funcionamiento y configuraci\u00f3n de una impresora 3D tipo cartesiana.<\/p>\n<p style=\"text-align: justify;\"><strong>Conocimientos m\u00ednimos necesarios<\/strong>: tener conocimientos de Sistemas de Representaci\u00f3n<\/p>\n<p style=\"text-align: justify;\"><strong>Duraci\u00f3n<\/strong>: 40 hs<\/p><\/div><\/div><\/div><\/div><\/div><\/div><p><a class=\"more-link\" href=\"https:\/\/www.facet.unt.edu.ar\/sbe\/2023\/10\/11\/curso-de-extension-herramientas-y-diseno-en-impresion-3d-con-distintos-softwares\/\">Leer m\u00e1s<span class=\"meta-nav\">&rarr;<\/span><\/a><\/p>","protected":false},"excerpt":{"rendered":"<p>Se invita a estudiantes, graduados, docentes e interesados en la tem\u00e1tica a participar del Curso de Extensi\u00f3n \u201cHerramientas y Dise\u00f1o en Impresi\u00f3n 3D con distintos softwares\u201d, que dar\u00e1 inicio el martes 24 de octubre del corriente a\u00f1o. El curso estar\u00e1 a cargo de los Ingenieros Ricardo Antonio FERN\u00c1NDEZ, Mart\u00edn Jorge DONAIRE BURGOS, Ariel Jos\u00e9 Roberto [&hellip;]<\/p>\n","protected":false},"author":6,"featured_media":2874,"comment_status":"closed","ping_status":"closed","sticky":false,"template":"","format":"standard","meta":[],"categories":[4],"tags":[],"_links":{"self":[{"href":"https:\/\/www.facet.unt.edu.ar\/sbe\/wp-json\/wp\/v2\/posts\/2873"}],"collection":[{"href":"https:\/\/www.facet.unt.edu.ar\/sbe\/wp-json\/wp\/v2\/posts"}],"about":[{"href":"https:\/\/www.facet.unt.edu.ar\/sbe\/wp-json\/wp\/v2\/types\/post"}],"author":[{"embeddable":true,"href":"https:\/\/www.facet.unt.edu.ar\/sbe\/wp-json\/wp\/v2\/users\/6"}],"replies":[{"embeddable":true,"href":"https:\/\/www.facet.unt.edu.ar\/sbe\/wp-json\/wp\/v2\/comments?post=2873"}],"version-history":[{"count":2,"href":"https:\/\/www.facet.unt.edu.ar\/sbe\/wp-json\/wp\/v2\/posts\/2873\/revisions"}],"predecessor-version":[{"id":2876,"href":"https:\/\/www.facet.unt.edu.ar\/sbe\/wp-json\/wp\/v2\/posts\/2873\/revisions\/2876"}],"wp:featuredmedia":[{"embeddable":true,"href":"https:\/\/www.facet.unt.edu.ar\/sbe\/wp-json\/wp\/v2\/media\/2874"}],"wp:attachment":[{"href":"https:\/\/www.facet.unt.edu.ar\/sbe\/wp-json\/wp\/v2\/media?parent=2873"}],"wp:term":[{"taxonomy":"category","embeddable":true,"href":"https:\/\/www.facet.unt.edu.ar\/sbe\/wp-json\/wp\/v2\/categories?post=2873"},{"taxonomy":"post_tag","embeddable":true,"href":"https:\/\/www.facet.unt.edu.ar\/sbe\/wp-json\/wp\/v2\/tags?post=2873"}],"curies":[{"name":"wp","href":"https:\/\/api.w.org\/{rel}","templated":true}]}}