{"id":2885,"date":"2023-10-19T13:07:30","date_gmt":"2023-10-19T16:07:30","guid":{"rendered":"https:\/\/www.facet.unt.edu.ar\/sbe\/?p=2885"},"modified":"2023-10-19T14:00:44","modified_gmt":"2023-10-19T17:00:44","slug":"invitacion-a-defensa-de-proyecto-de-graduacion-para-acceder-al-titulo-de-ingeniero-civil","status":"publish","type":"post","link":"https:\/\/www.facet.unt.edu.ar\/sbe\/2023\/10\/19\/invitacion-a-defensa-de-proyecto-de-graduacion-para-acceder-al-titulo-de-ingeniero-civil\/","title":{"rendered":"Invitaci\u00f3n a Defensa de Proyecto de Graduaci\u00f3n para acceder al t\u00edtulo de Ingeniero Civil"},"content":{"rendered":"<div id=\"pl-2885\"  class=\"panel-layout\" ><div id=\"pg-2885-0\"  class=\"panel-grid panel-no-style\" ><div id=\"pgc-2885-0-0\"  class=\"panel-grid-cell\" ><div id=\"panel-2885-0-0-0\" class=\"so-panel widget widget_black-studio-tinymce widget_black_studio_tinymce panel-first-child panel-last-child\" data-index=\"0\" ><div class=\"textwidget\"><p><img class=\"aligncenter size-full wp-image-2895\" src=\"https:\/\/www.facet.unt.edu.ar\/sbe\/wp-content\/uploads\/sites\/77\/2023\/10\/DEFENSA-DE-PROYECTO-DE-GRADUACION-INGENIERIA-CIVIL.png\" alt=\"\" width=\"1300\" height=\"1300\" \/><\/p>\n<\/div><\/div><\/div><div id=\"pgc-2885-0-1\"  class=\"panel-grid-cell\" ><div id=\"panel-2885-0-1-0\" class=\"so-panel widget widget_sow-editor panel-first-child panel-last-child\" data-index=\"1\" ><div\n\t\t\t\n\t\t\tclass=\"so-widget-sow-editor so-widget-sow-editor-base\"\n\t\t\t\n\t\t>\n<div class=\"siteorigin-widget-tinymce textwidget\">\n\t<p style=\"text-align: justify;\">Se invita a alumnos, graduados e interesados a participar de la Defensa del Proyecto de Graduaci\u00f3n del alumno <strong>Santiago Andr\u00e9s Garay<\/strong>, titulado <strong>\u201cMuros de Sostenimiento Prefabricados con Hormig\u00f3n Reforzado con Fibra\u201d<\/strong>, para obtener el t\u00edtulo de grado de Ingeniero Civil, FACET \u2013 UNT.<\/p>\n<p style=\"text-align: justify;\">El proyecto final estuvo bajo la tutor\u00eda del <strong>Dr. Ing. Mart\u00edn Ernesto Almenar<\/strong>.<\/p>\n<p style=\"text-align: justify;\">El acto acad\u00e9mico se llevar\u00e1 a cabo este <strong>viernes 20 de octubre<\/strong>, a las <strong>11:00 hs<\/strong>, en la <strong>Sala de Audiovisuales<\/strong> (Block 3, 1er Piso) - FACET \u2013 UNT.<\/p>\n<p style=\"text-align: justify;\">El tribunal examinador estar\u00e1 conformado por el <strong>Dr. Ing. Domingo Sfer<\/strong>, el <strong>Dr. Ing. Andr\u00e9s Isla Calder\u00f3n<\/strong> y <strong>Dr. Ing. Gustavo P\u00e9rez<\/strong>.<\/p>\n<\/div>\n<\/div><\/div><\/div><\/div><\/div>","protected":false},"excerpt":{"rendered":"<p>Se invita a alumnos, graduados e interesados a participar de la Defensa del Proyecto de Graduaci\u00f3n del alumno Santiago Andr\u00e9s Garay, titulado \u201cMuros de Sostenimiento Prefabricados con Hormig\u00f3n Reforzado con Fibra\u201d, para obtener el t\u00edtulo de grado de Ingeniero Civil, FACET \u2013 UNT.El proyecto final estuvo bajo la tutor\u00eda del Dr. Ing. Mart\u00edn Ernesto Almenar.El [&hellip;]<\/p>\n","protected":false},"author":6,"featured_media":2895,"comment_status":"closed","ping_status":"closed","sticky":false,"template":"","format":"standard","meta":[],"categories":[4],"tags":[],"_links":{"self":[{"href":"https:\/\/www.facet.unt.edu.ar\/sbe\/wp-json\/wp\/v2\/posts\/2885"}],"collection":[{"href":"https:\/\/www.facet.unt.edu.ar\/sbe\/wp-json\/wp\/v2\/posts"}],"about":[{"href":"https:\/\/www.facet.unt.edu.ar\/sbe\/wp-json\/wp\/v2\/types\/post"}],"author":[{"embeddable":true,"href":"https:\/\/www.facet.unt.edu.ar\/sbe\/wp-json\/wp\/v2\/users\/6"}],"replies":[{"embeddable":true,"href":"https:\/\/www.facet.unt.edu.ar\/sbe\/wp-json\/wp\/v2\/comments?post=2885"}],"version-history":[{"count":6,"href":"https:\/\/www.facet.unt.edu.ar\/sbe\/wp-json\/wp\/v2\/posts\/2885\/revisions"}],"predecessor-version":[{"id":2896,"href":"https:\/\/www.facet.unt.edu.ar\/sbe\/wp-json\/wp\/v2\/posts\/2885\/revisions\/2896"}],"wp:featuredmedia":[{"embeddable":true,"href":"https:\/\/www.facet.unt.edu.ar\/sbe\/wp-json\/wp\/v2\/media\/2895"}],"wp:attachment":[{"href":"https:\/\/www.facet.unt.edu.ar\/sbe\/wp-json\/wp\/v2\/media?parent=2885"}],"wp:term":[{"taxonomy":"category","embeddable":true,"href":"https:\/\/www.facet.unt.edu.ar\/sbe\/wp-json\/wp\/v2\/categories?post=2885"},{"taxonomy":"post_tag","embeddable":true,"href":"https:\/\/www.facet.unt.edu.ar\/sbe\/wp-json\/wp\/v2\/tags?post=2885"}],"curies":[{"name":"wp","href":"https:\/\/api.w.org\/{rel}","templated":true}]}}