{"id":2901,"date":"2023-10-24T13:05:42","date_gmt":"2023-10-24T16:05:42","guid":{"rendered":"https:\/\/www.facet.unt.edu.ar\/sbe\/?p=2901"},"modified":"2023-10-24T13:24:47","modified_gmt":"2023-10-24T16:24:47","slug":"invitacion-a-la-jornada-de-inclusion-activa-visibilizando-oportunidades","status":"publish","type":"post","link":"https:\/\/www.facet.unt.edu.ar\/sbe\/2023\/10\/24\/invitacion-a-la-jornada-de-inclusion-activa-visibilizando-oportunidades\/","title":{"rendered":"Invitaci\u00f3n a la Jornada de Inclusi\u00f3n Activa \u201cVisibilizando Oportunidades\u201d"},"content":{"rendered":"<div id=\"pl-2901\"  class=\"panel-layout\" ><div id=\"pg-2901-0\"  class=\"panel-grid panel-no-style\" ><div id=\"pgc-2901-0-0\"  class=\"panel-grid-cell\" ><div id=\"panel-2901-0-0-0\" class=\"so-panel widget widget_black-studio-tinymce widget_black_studio_tinymce panel-first-child panel-last-child\" data-index=\"0\" ><div class=\"textwidget\"><p><img class=\"aligncenter size-full wp-image-2902\" src=\"https:\/\/www.facet.unt.edu.ar\/sbe\/wp-content\/uploads\/sites\/77\/2023\/10\/Invitacion-a-la-jornada-de-inclusion-activa.jpeg\" alt=\"\" width=\"1600\" height=\"1600\" \/><\/p>\n<\/div><\/div><\/div><div id=\"pgc-2901-0-1\"  class=\"panel-grid-cell\" ><div id=\"panel-2901-0-1-0\" class=\"so-panel widget widget_sow-editor panel-first-child panel-last-child\" data-index=\"1\" ><div\n\t\t\t\n\t\t\tclass=\"so-widget-sow-editor so-widget-sow-editor-base\"\n\t\t\t\n\t\t>\n<div class=\"siteorigin-widget-tinymce textwidget\">\n\t<p style=\"text-align: justify;\">La FACET a trav\u00e9s del Proyecto Tecnolog\u00edas e Innovaci\u00f3n para la Inclusi\u00f3n, invita a estudiantes, graduados, docentes y no docentes a participar de la <strong>1\u00ba Jornada de Inclusi\u00f3n Activa \u201cVisibilizando Oportunidades\u201d<\/strong> que se realizar\u00e1 el <strong>viernes 27 de octubre<\/strong>, de <strong>9:00 a 11:30 hs<\/strong>, iniciando en los jardines de la Facultad de Agronom\u00eda.<\/p>\n<p style=\"text-align: justify;\">No se suspende por lluvia. En caso de lluvia, la jornada dar\u00e1 inicio en el hall del Block 3 de la FACET.<\/p>\n<p style=\"text-align: justify;\">Esta jornada representar\u00e1 una valiosa oportunidad para que la comunidad universitaria establezca un contacto significativo con los participantes en las capacitaciones del Proyecto Tecnolog\u00edas e Innovaci\u00f3n para la Inclusi\u00f3n, quienes enfrentan desaf\u00edos de movilidad debido a discapacidades motrices.<\/p>\n<p style=\"text-align: justify;\">Estos eventos permiten promover la inclusi\u00f3n y la empat\u00eda entre la comunidad universitaria y las personas con discapacidad.<\/p>\n<p style=\"text-align: justify;\"><em>\u00a1Esperamos contar con su activa participaci\u00f3n en estas enriquecedoras experiencias!<\/em><\/p>\n<\/div>\n<\/div><\/div><\/div><\/div><\/div>","protected":false},"excerpt":{"rendered":"<p>La FACET a trav\u00e9s del Proyecto Tecnolog\u00edas e Innovaci\u00f3n para la Inclusi\u00f3n, invita a estudiantes, graduados, docentes y no docentes a participar de la 1\u00ba Jornada de Inclusi\u00f3n Activa \u201cVisibilizando Oportunidades\u201d que se realizar\u00e1 el viernes 27 de octubre, de 9:00 a 11:30 hs, iniciando en los jardines de la Facultad de Agronom\u00eda. No se [&hellip;]<\/p>\n","protected":false},"author":6,"featured_media":2902,"comment_status":"closed","ping_status":"closed","sticky":false,"template":"","format":"standard","meta":[],"categories":[4],"tags":[],"_links":{"self":[{"href":"https:\/\/www.facet.unt.edu.ar\/sbe\/wp-json\/wp\/v2\/posts\/2901"}],"collection":[{"href":"https:\/\/www.facet.unt.edu.ar\/sbe\/wp-json\/wp\/v2\/posts"}],"about":[{"href":"https:\/\/www.facet.unt.edu.ar\/sbe\/wp-json\/wp\/v2\/types\/post"}],"author":[{"embeddable":true,"href":"https:\/\/www.facet.unt.edu.ar\/sbe\/wp-json\/wp\/v2\/users\/6"}],"replies":[{"embeddable":true,"href":"https:\/\/www.facet.unt.edu.ar\/sbe\/wp-json\/wp\/v2\/comments?post=2901"}],"version-history":[{"count":3,"href":"https:\/\/www.facet.unt.edu.ar\/sbe\/wp-json\/wp\/v2\/posts\/2901\/revisions"}],"predecessor-version":[{"id":2904,"href":"https:\/\/www.facet.unt.edu.ar\/sbe\/wp-json\/wp\/v2\/posts\/2901\/revisions\/2904"}],"wp:featuredmedia":[{"embeddable":true,"href":"https:\/\/www.facet.unt.edu.ar\/sbe\/wp-json\/wp\/v2\/media\/2902"}],"wp:attachment":[{"href":"https:\/\/www.facet.unt.edu.ar\/sbe\/wp-json\/wp\/v2\/media?parent=2901"}],"wp:term":[{"taxonomy":"category","embeddable":true,"href":"https:\/\/www.facet.unt.edu.ar\/sbe\/wp-json\/wp\/v2\/categories?post=2901"},{"taxonomy":"post_tag","embeddable":true,"href":"https:\/\/www.facet.unt.edu.ar\/sbe\/wp-json\/wp\/v2\/tags?post=2901"}],"curies":[{"name":"wp","href":"https:\/\/api.w.org\/{rel}","templated":true}]}}