{"id":2959,"date":"2023-11-14T14:27:00","date_gmt":"2023-11-14T17:27:00","guid":{"rendered":"https:\/\/www.facet.unt.edu.ar\/sbe\/?p=2959"},"modified":"2023-11-15T14:29:27","modified_gmt":"2023-11-15T17:29:27","slug":"defensa-de-proyecto-de-graduacion-para-acceder-al-titulo-de-ingeniero-biomedico","status":"publish","type":"post","link":"https:\/\/www.facet.unt.edu.ar\/sbe\/2023\/11\/14\/defensa-de-proyecto-de-graduacion-para-acceder-al-titulo-de-ingeniero-biomedico\/","title":{"rendered":"Defensa de Proyecto de Graduaci\u00f3n para acceder al t\u00edtulo de Ingeniero Biom\u00e9dico"},"content":{"rendered":"<div id=\"pl-2959\"  class=\"panel-layout\" ><div id=\"pg-2959-0\"  class=\"panel-grid panel-no-style\" ><div id=\"pgc-2959-0-0\"  class=\"panel-grid-cell\" ><div id=\"panel-2959-0-0-0\" class=\"so-panel widget widget_black-studio-tinymce widget_black_studio_tinymce panel-first-child panel-last-child\" data-index=\"0\" ><div class=\"textwidget\"><p><img class=\"aligncenter size-full wp-image-2960\" src=\"https:\/\/www.facet.unt.edu.ar\/sbe\/wp-content\/uploads\/sites\/77\/2023\/11\/DEFENSA-DE-TESIS-MARCIAL-JAIS.png\" alt=\"\" width=\"1300\" height=\"1300\" \/><\/p>\n<\/div><\/div><\/div><div id=\"pgc-2959-0-1\"  class=\"panel-grid-cell\" ><div id=\"panel-2959-0-1-0\" class=\"so-panel widget widget_sow-editor panel-first-child panel-last-child\" data-index=\"1\" ><div\n\t\t\t\n\t\t\tclass=\"so-widget-sow-editor so-widget-sow-editor-base\"\n\t\t\t\n\t\t>\n<div class=\"siteorigin-widget-tinymce textwidget\">\n\t<p style=\"text-align: justify;\">Se invita a alumnos, graduados e interesados a participar de la Defensa del Proyecto de Graduaci\u00f3n del alumno <strong>Facundo Daniel Marcial Jais<\/strong>, titulado \u201c<strong>Sistema para la medici\u00f3n de Tiempo de Protrombina<\/strong>\u201d, para obtener el t\u00edtulo de grado de Ingeniero Biom\u00e9dico, FACET \u2013 UNT.<\/p>\n<p style=\"text-align: justify;\">El proyecto final estuvo bajo la tutor\u00eda de la Dra. Rossana Elena Madrid y co-tutor\u00eda del Bioq. Mariano Nicol\u00e1s Aleman.<\/p>\n<p style=\"text-align: justify;\">El acto acad\u00e9mico se llevar\u00e1 a cabo este mi\u00e9rcoles 15 de noviembre, a las 08:30 hs, en el Auditorio de Luminotecnia - FACET.<\/p>\n<p style=\"text-align: justify;\">El tribunal examinador estar\u00e1 conformado por la Dra. Ana L\u00eda Albarrac\u00edn, el Dr. Fernando Farf\u00e1n y el Dr. Gabriel Ruiz.<\/p>\n<\/div>\n<\/div><\/div><\/div><\/div><\/div>","protected":false},"excerpt":{"rendered":"<p>Se invita a alumnos, graduados e interesados a participar de la Defensa del Proyecto de Graduaci\u00f3n del alumno Facundo Daniel Marcial Jais, titulado \u201cSistema para la medici\u00f3n de Tiempo de Protrombina\u201d, para obtener el t\u00edtulo de grado de Ingeniero Biom\u00e9dico, FACET \u2013 UNT.El proyecto final estuvo bajo la tutor\u00eda de la Dra. Rossana Elena Madrid [&hellip;]<\/p>\n","protected":false},"author":6,"featured_media":2960,"comment_status":"closed","ping_status":"closed","sticky":false,"template":"","format":"standard","meta":[],"categories":[4],"tags":[],"_links":{"self":[{"href":"https:\/\/www.facet.unt.edu.ar\/sbe\/wp-json\/wp\/v2\/posts\/2959"}],"collection":[{"href":"https:\/\/www.facet.unt.edu.ar\/sbe\/wp-json\/wp\/v2\/posts"}],"about":[{"href":"https:\/\/www.facet.unt.edu.ar\/sbe\/wp-json\/wp\/v2\/types\/post"}],"author":[{"embeddable":true,"href":"https:\/\/www.facet.unt.edu.ar\/sbe\/wp-json\/wp\/v2\/users\/6"}],"replies":[{"embeddable":true,"href":"https:\/\/www.facet.unt.edu.ar\/sbe\/wp-json\/wp\/v2\/comments?post=2959"}],"version-history":[{"count":1,"href":"https:\/\/www.facet.unt.edu.ar\/sbe\/wp-json\/wp\/v2\/posts\/2959\/revisions"}],"predecessor-version":[{"id":2961,"href":"https:\/\/www.facet.unt.edu.ar\/sbe\/wp-json\/wp\/v2\/posts\/2959\/revisions\/2961"}],"wp:featuredmedia":[{"embeddable":true,"href":"https:\/\/www.facet.unt.edu.ar\/sbe\/wp-json\/wp\/v2\/media\/2960"}],"wp:attachment":[{"href":"https:\/\/www.facet.unt.edu.ar\/sbe\/wp-json\/wp\/v2\/media?parent=2959"}],"wp:term":[{"taxonomy":"category","embeddable":true,"href":"https:\/\/www.facet.unt.edu.ar\/sbe\/wp-json\/wp\/v2\/categories?post=2959"},{"taxonomy":"post_tag","embeddable":true,"href":"https:\/\/www.facet.unt.edu.ar\/sbe\/wp-json\/wp\/v2\/tags?post=2959"}],"curies":[{"name":"wp","href":"https:\/\/api.w.org\/{rel}","templated":true}]}}