{"id":3013,"date":"2023-12-19T13:53:43","date_gmt":"2023-12-19T16:53:43","guid":{"rendered":"https:\/\/www.facet.unt.edu.ar\/sbe\/?p=3013"},"modified":"2023-12-20T18:57:32","modified_gmt":"2023-12-20T21:57:32","slug":"invitacion-a-defensa-de-trabajo-de-graduacion-de-ingenieria-en-computacion","status":"publish","type":"post","link":"https:\/\/www.facet.unt.edu.ar\/sbe\/2023\/12\/19\/invitacion-a-defensa-de-trabajo-de-graduacion-de-ingenieria-en-computacion\/","title":{"rendered":"Invitaci\u00f3n a Defensa de Trabajo de Graduaci\u00f3n de Ingenier\u00eda en Computaci\u00f3n"},"content":{"rendered":"<div id=\"pl-3013\"  class=\"panel-layout\" ><div id=\"pg-3013-0\"  class=\"panel-grid panel-no-style\" ><div id=\"pgc-3013-0-0\"  class=\"panel-grid-cell\" ><div id=\"panel-3013-0-0-0\" class=\"so-panel widget widget_black-studio-tinymce widget_black_studio_tinymce panel-first-child panel-last-child\" data-index=\"0\" ><div class=\"textwidget\"><p><img class=\"aligncenter size-full wp-image-3015\" src=\"https:\/\/www.facet.unt.edu.ar\/sbe\/wp-content\/uploads\/sites\/77\/2023\/12\/defensa-de-tesis-de-ballesteros-y-faciano.jpg\" alt=\"\" width=\"1080\" height=\"1080\" \/><\/p>\n<\/div><\/div><\/div><div id=\"pgc-3013-0-1\"  class=\"panel-grid-cell\" ><div id=\"panel-3013-0-1-0\" class=\"so-panel widget widget_sow-editor panel-first-child panel-last-child\" data-index=\"1\" ><div\n\t\t\t\n\t\t\tclass=\"so-widget-sow-editor so-widget-sow-editor-base\"\n\t\t\t\n\t\t>\n<div class=\"siteorigin-widget-tinymce textwidget\">\n\t<p style=\"text-align: justify;\">Se invita a estudiantes, docentes, graduados y p\u00fablico en general a la defensa del Trabajo de Graduaci\u00f3n \u201cAplicaci\u00f3n Web para la Gesti\u00f3n de Laboratorios Remotos \u201c a cargo de los alumnos Atilio Ballesteros y Enzo Faciano.<\/p>\n<p style=\"text-align: justify;\">La misma se llevar\u00e1 a cabo el mi\u00e9rcoles 20 de diciembre, a las 16:00 hs, en el Laboratorio de Redes de Computadoras (1-3-06) y se transmitir\u00e1 en vivo por el canal de YouTube de la carrera: <a href=\"https:\/\/www.youtube.com\/watch?v=sxR1N,-2pMNw\" target=\"_blank\" rel=\"noopener\">https:\/\/www.youtube.com\/watch?v=sxR1N,-2pMNw<\/a><\/p>\n<\/div>\n<\/div><\/div><\/div><\/div><\/div>","protected":false},"excerpt":{"rendered":"<p>Se invita a estudiantes, docentes, graduados y p\u00fablico en general a la defensa del Trabajo de Graduaci\u00f3n \u201cAplicaci\u00f3n Web para la Gesti\u00f3n de Laboratorios Remotos \u201c a cargo de los alumnos Atilio Ballesteros y Enzo Faciano.La misma se llevar\u00e1 a cabo el mi\u00e9rcoles 20 de diciembre, a las 16:00 hs, en el Laboratorio de Redes [&hellip;]<\/p>\n","protected":false},"author":6,"featured_media":3015,"comment_status":"closed","ping_status":"closed","sticky":false,"template":"","format":"standard","meta":[],"categories":[4],"tags":[],"_links":{"self":[{"href":"https:\/\/www.facet.unt.edu.ar\/sbe\/wp-json\/wp\/v2\/posts\/3013"}],"collection":[{"href":"https:\/\/www.facet.unt.edu.ar\/sbe\/wp-json\/wp\/v2\/posts"}],"about":[{"href":"https:\/\/www.facet.unt.edu.ar\/sbe\/wp-json\/wp\/v2\/types\/post"}],"author":[{"embeddable":true,"href":"https:\/\/www.facet.unt.edu.ar\/sbe\/wp-json\/wp\/v2\/users\/6"}],"replies":[{"embeddable":true,"href":"https:\/\/www.facet.unt.edu.ar\/sbe\/wp-json\/wp\/v2\/comments?post=3013"}],"version-history":[{"count":1,"href":"https:\/\/www.facet.unt.edu.ar\/sbe\/wp-json\/wp\/v2\/posts\/3013\/revisions"}],"predecessor-version":[{"id":3016,"href":"https:\/\/www.facet.unt.edu.ar\/sbe\/wp-json\/wp\/v2\/posts\/3013\/revisions\/3016"}],"wp:featuredmedia":[{"embeddable":true,"href":"https:\/\/www.facet.unt.edu.ar\/sbe\/wp-json\/wp\/v2\/media\/3015"}],"wp:attachment":[{"href":"https:\/\/www.facet.unt.edu.ar\/sbe\/wp-json\/wp\/v2\/media?parent=3013"}],"wp:term":[{"taxonomy":"category","embeddable":true,"href":"https:\/\/www.facet.unt.edu.ar\/sbe\/wp-json\/wp\/v2\/categories?post=3013"},{"taxonomy":"post_tag","embeddable":true,"href":"https:\/\/www.facet.unt.edu.ar\/sbe\/wp-json\/wp\/v2\/tags?post=3013"}],"curies":[{"name":"wp","href":"https:\/\/api.w.org\/{rel}","templated":true}]}}