{"id":3044,"date":"2024-02-19T11:48:03","date_gmt":"2024-02-19T14:48:03","guid":{"rendered":"https:\/\/www.facet.unt.edu.ar\/sbe\/?p=3044"},"modified":"2024-02-27T11:51:12","modified_gmt":"2024-02-27T14:51:12","slug":"busqueda-de-pasantes-electronica-o-industrial-edet-s-a-cierre-de-convocatoria-25-02","status":"publish","type":"post","link":"https:\/\/www.facet.unt.edu.ar\/sbe\/2024\/02\/19\/busqueda-de-pasantes-electronica-o-industrial-edet-s-a-cierre-de-convocatoria-25-02\/","title":{"rendered":"B\u00fasqueda de Pasantes Electr\u00f3nica o Industrial EDET S.A. | Cierre de Convocatoria: 25\/02"},"content":{"rendered":"<div id=\"pl-3044\"  class=\"panel-layout\"><div id=\"pg-3044-0\"  class=\"panel-grid panel-no-style\"><div id=\"pgc-3044-0-0\"  class=\"panel-grid-cell\"><div id=\"panel-3044-0-0-0\" class=\"so-panel widget widget_black-studio-tinymce widget_black_studio_tinymce panel-first-child panel-last-child\" data-index=\"0\"><div class=\"textwidget\"><p><img class=\"aligncenter size-full wp-image-3045\" src=\"https:\/\/www.facet.unt.edu.ar\/sbe\/wp-content\/uploads\/sites\/77\/2024\/02\/PASANTIA-EDET-SA.png\" alt=\"\" width=\"1300\" height=\"1300\" \/><\/p>\n<\/div><\/div><\/div><div id=\"pgc-3044-0-1\"  class=\"panel-grid-cell\"><div id=\"panel-3044-0-1-0\" class=\"so-panel widget widget_sow-editor panel-first-child panel-last-child\" data-index=\"1\"><div\n\t\t\t\n\t\t\tclass=\"so-widget-sow-editor so-widget-sow-editor-base\">\n<div class=\"siteorigin-widget-tinymce textwidget\">\n\t<p style=\"text-align: justify;\">EDET S.A. se encuentra en la b\u00fasqueda de estudiantes regulares de las carreras de Ingenier\u00eda Electr\u00f3nica o Industrial de la FACET para desempe\u00f1arse como pasantes en la Gerencia de Ingenier\u00eda.<\/p>\n<p style=\"text-align: justify;\"><strong>Requisitos<\/strong>:<br \/>\u2022 Estudiante avanzado de Ingenier\u00eda Electr\u00f3nica o Industrial de la FACET<br \/>\u2022 Cursando al menos 4to a\u00f1o de la carrera<br \/>\u2022 Hasta 24 a\u00f1os de edad<br \/>\u2022 Capacidad para transmitir conocimientos y trabajar en equipo<br \/>\u2022 Deseo de querer participar en proyectos ligados a la digitalizaci\u00f3n de procesos<br \/>\u2022 La pasant\u00eda tendr\u00e1 una fuerte formaci\u00f3n en metodolog\u00edas \u00e1giles y en herramientas de Microsoft Power Platform.<\/p><\/div><\/div><\/div><\/div><\/div><\/div><p><a class=\"more-link\" href=\"https:\/\/www.facet.unt.edu.ar\/sbe\/2024\/02\/19\/busqueda-de-pasantes-electronica-o-industrial-edet-s-a-cierre-de-convocatoria-25-02\/\">Leer m\u00e1s<span class=\"meta-nav\">&rarr;<\/span><\/a><\/p>","protected":false},"excerpt":{"rendered":"<p>EDET S.A. se encuentra en la b\u00fasqueda de estudiantes regulares de las carreras de Ingenier\u00eda Electr\u00f3nica o Industrial de la FACET para desempe\u00f1arse como pasantes en la Gerencia de Ingenier\u00eda.Requisitos:\u2022 Estudiante avanzado de Ingenier\u00eda Electr\u00f3nica o Industrial de la FACET\u2022 Cursando al menos 4to a\u00f1o de la carrera\u2022 Hasta 24 a\u00f1os de edad\u2022 Capacidad para [&hellip;]<\/p>\n","protected":false},"author":6,"featured_media":3045,"comment_status":"closed","ping_status":"closed","sticky":false,"template":"","format":"standard","meta":[],"categories":[7],"tags":[],"_links":{"self":[{"href":"https:\/\/www.facet.unt.edu.ar\/sbe\/wp-json\/wp\/v2\/posts\/3044"}],"collection":[{"href":"https:\/\/www.facet.unt.edu.ar\/sbe\/wp-json\/wp\/v2\/posts"}],"about":[{"href":"https:\/\/www.facet.unt.edu.ar\/sbe\/wp-json\/wp\/v2\/types\/post"}],"author":[{"embeddable":true,"href":"https:\/\/www.facet.unt.edu.ar\/sbe\/wp-json\/wp\/v2\/users\/6"}],"replies":[{"embeddable":true,"href":"https:\/\/www.facet.unt.edu.ar\/sbe\/wp-json\/wp\/v2\/comments?post=3044"}],"version-history":[{"count":4,"href":"https:\/\/www.facet.unt.edu.ar\/sbe\/wp-json\/wp\/v2\/posts\/3044\/revisions"}],"predecessor-version":[{"id":3047,"href":"https:\/\/www.facet.unt.edu.ar\/sbe\/wp-json\/wp\/v2\/posts\/3044\/revisions\/3047"}],"wp:featuredmedia":[{"embeddable":true,"href":"https:\/\/www.facet.unt.edu.ar\/sbe\/wp-json\/wp\/v2\/media\/3045"}],"wp:attachment":[{"href":"https:\/\/www.facet.unt.edu.ar\/sbe\/wp-json\/wp\/v2\/media?parent=3044"}],"wp:term":[{"taxonomy":"category","embeddable":true,"href":"https:\/\/www.facet.unt.edu.ar\/sbe\/wp-json\/wp\/v2\/categories?post=3044"},{"taxonomy":"post_tag","embeddable":true,"href":"https:\/\/www.facet.unt.edu.ar\/sbe\/wp-json\/wp\/v2\/tags?post=3044"}],"curies":[{"name":"wp","href":"https:\/\/api.w.org\/{rel}","templated":true}]}}