{"id":3124,"date":"2024-04-09T21:14:58","date_gmt":"2024-04-10T00:14:58","guid":{"rendered":"https:\/\/www.facet.unt.edu.ar\/sbe\/?p=3124"},"modified":"2024-04-09T21:14:59","modified_gmt":"2024-04-10T00:14:59","slug":"concurso-de-ayudantias-estudiantiles-facet-1er-llamado-abril","status":"publish","type":"post","link":"https:\/\/www.facet.unt.edu.ar\/sbe\/2024\/04\/09\/concurso-de-ayudantias-estudiantiles-facet-1er-llamado-abril\/","title":{"rendered":"Concurso de Ayudantias Estudiantiles FACET &#8211; 1er Llamado Abril"},"content":{"rendered":"<div id=\"pl-3124\"  class=\"panel-layout\" ><div id=\"pg-3124-0\"  class=\"panel-grid panel-no-style\" ><div id=\"pgc-3124-0-0\"  class=\"panel-grid-cell\" ><div id=\"panel-3124-0-0-0\" class=\"so-panel widget widget_black-studio-tinymce widget_black_studio_tinymce panel-first-child panel-last-child\" data-index=\"0\" ><div class=\"textwidget\"><p><img class=\"aligncenter size-full wp-image-3125\" src=\"https:\/\/www.facet.unt.edu.ar\/sbe\/wp-content\/uploads\/sites\/77\/2024\/04\/AYUDANTIAS-ESTUDIANTILES-FACET-1ER-LLAMADO-ABRIL.jpg\" alt=\"\" width=\"526\" height=\"526\" \/><\/p>\n<\/div><\/div><\/div><div id=\"pgc-3124-0-1\"  class=\"panel-grid-cell\" ><div id=\"panel-3124-0-1-0\" class=\"so-panel widget widget_sow-editor panel-first-child panel-last-child\" data-index=\"1\" ><div\n\t\t\t\n\t\t\tclass=\"so-widget-sow-editor so-widget-sow-editor-base\"\n\t\t\t\n\t\t>\n<div class=\"siteorigin-widget-tinymce textwidget\">\n\t<p style=\"text-align: justify;\">Se informa a todos los alumnos\/as que desean participar en el concurso para AYUDANTES ESTUDIANTILES de las diferentes asignaturas para el corriente a\u00f1o, que, las inscripciones estar\u00e1n habilitadas a partir del lunes 8 hasta el mi\u00e9rcoles 17 de abril.<\/p>\n<p style=\"text-align: justify;\">Es de suma importancia saber que existir\u00e1n \u00fanicamente dos llamados en un periodo lectivo, el primero ser\u00e1 en el mes de abril y el segundo en el mes de mayo.<\/p>\n<p style=\"text-align: justify;\">La documentaci\u00f3n que deber\u00e1n presentar los interesados y el orden de estos son:<br \/>\u2022 Nota Solicitud de Inscripci\u00f3n a Concurso<br \/>\u2022 Estado Acad\u00e9mico<br \/>\u2022 Constancia de Alumno Regular<br \/>\u2022 Curr\u00edculum Vitae, m\u00e1s documentaci\u00f3n Probatoria si fuere necesario (en un \u00fanico pdf junto al CV)<\/p>\n<p style=\"text-align: justify;\">Todos los interesados en participar deber\u00e1n ingresar en el siguiente y \u00fanico formulario Google: <a href=\"https:\/\/forms.gle\/oJq883Cpe72WkLHV9\" target=\"_blank\" rel=\"noopener\">https:\/\/forms.gle\/oJq883Cpe72WkLHV9<\/a> o bien en el C\u00f3digo QR que se encuentra en el pie de imagen de este posteo.<\/p>\n<\/div>\n<\/div><\/div><\/div><\/div><\/div>","protected":false},"excerpt":{"rendered":"<p>Se informa a todos los alumnos\/as que desean participar en el concurso para AYUDANTES ESTUDIANTILES de las diferentes asignaturas para el corriente a\u00f1o, que, las inscripciones estar\u00e1n habilitadas a partir del lunes 8 hasta el mi\u00e9rcoles 17 de abril.Es de suma importancia saber que existir\u00e1n \u00fanicamente dos llamados en un periodo lectivo, el primero ser\u00e1 [&hellip;]<\/p>\n","protected":false},"author":6,"featured_media":3125,"comment_status":"closed","ping_status":"closed","sticky":false,"template":"","format":"standard","meta":[],"categories":[4],"tags":[],"_links":{"self":[{"href":"https:\/\/www.facet.unt.edu.ar\/sbe\/wp-json\/wp\/v2\/posts\/3124"}],"collection":[{"href":"https:\/\/www.facet.unt.edu.ar\/sbe\/wp-json\/wp\/v2\/posts"}],"about":[{"href":"https:\/\/www.facet.unt.edu.ar\/sbe\/wp-json\/wp\/v2\/types\/post"}],"author":[{"embeddable":true,"href":"https:\/\/www.facet.unt.edu.ar\/sbe\/wp-json\/wp\/v2\/users\/6"}],"replies":[{"embeddable":true,"href":"https:\/\/www.facet.unt.edu.ar\/sbe\/wp-json\/wp\/v2\/comments?post=3124"}],"version-history":[{"count":2,"href":"https:\/\/www.facet.unt.edu.ar\/sbe\/wp-json\/wp\/v2\/posts\/3124\/revisions"}],"predecessor-version":[{"id":3127,"href":"https:\/\/www.facet.unt.edu.ar\/sbe\/wp-json\/wp\/v2\/posts\/3124\/revisions\/3127"}],"wp:featuredmedia":[{"embeddable":true,"href":"https:\/\/www.facet.unt.edu.ar\/sbe\/wp-json\/wp\/v2\/media\/3125"}],"wp:attachment":[{"href":"https:\/\/www.facet.unt.edu.ar\/sbe\/wp-json\/wp\/v2\/media?parent=3124"}],"wp:term":[{"taxonomy":"category","embeddable":true,"href":"https:\/\/www.facet.unt.edu.ar\/sbe\/wp-json\/wp\/v2\/categories?post=3124"},{"taxonomy":"post_tag","embeddable":true,"href":"https:\/\/www.facet.unt.edu.ar\/sbe\/wp-json\/wp\/v2\/tags?post=3124"}],"curies":[{"name":"wp","href":"https:\/\/api.w.org\/{rel}","templated":true}]}}