{"id":3147,"date":"2024-04-11T10:07:47","date_gmt":"2024-04-11T13:07:47","guid":{"rendered":"https:\/\/www.facet.unt.edu.ar\/sbe\/?p=3147"},"modified":"2024-04-15T22:10:28","modified_gmt":"2024-04-16T01:10:28","slug":"7o-cafe-cientifico-los-superheroes-y-la-ingenieria-reloaded","status":"publish","type":"post","link":"https:\/\/www.facet.unt.edu.ar\/sbe\/2024\/04\/11\/7o-cafe-cientifico-los-superheroes-y-la-ingenieria-reloaded\/","title":{"rendered":"7\u00ba Caf\u00e9 Cient\u00edfico \u201cLos Superh\u00e9roes y la Ingenier\u00eda: Reloaded\u201d"},"content":{"rendered":"<div id=\"pl-3147\"  class=\"panel-layout\" ><div id=\"pg-3147-0\"  class=\"panel-grid panel-no-style\" ><div id=\"pgc-3147-0-0\"  class=\"panel-grid-cell\" ><div id=\"panel-3147-0-0-0\" class=\"so-panel widget widget_black-studio-tinymce widget_black_studio_tinymce panel-first-child panel-last-child\" data-index=\"0\" ><div class=\"textwidget\"><p><img class=\"aligncenter size-full wp-image-3149\" src=\"https:\/\/www.facet.unt.edu.ar\/sbe\/wp-content\/uploads\/sites\/77\/2024\/04\/septimo-cafe-cientifico.jpg\" alt=\"\" width=\"526\" height=\"526\" \/><\/p>\n<\/div><\/div><\/div><div id=\"pgc-3147-0-1\"  class=\"panel-grid-cell\" ><div id=\"panel-3147-0-1-0\" class=\"so-panel widget widget_sow-editor panel-first-child panel-last-child\" data-index=\"1\" ><div\n\t\t\t\n\t\t\tclass=\"so-widget-sow-editor so-widget-sow-editor-base\"\n\t\t\t\n\t\t>\n<div class=\"siteorigin-widget-tinymce textwidget\">\n\t<div class=\"xdj266r x11i5rnm xat24cr x1mh8g0r x1vvkbs x126k92a\">\n<div dir=\"auto\" style=\"text-align: justify;\">Se invita a alumnos, docentes y graduados de la carrera de Ingenier\u00eda en Computaci\u00f3n de la FACET y p\u00fablico en general a participar del <strong>7\u00ba Caf\u00e9 Cient\u00edfico \u201cLos Superh\u00e9roes y la Ingenier\u00eda: Reloaded\u201d<\/strong>, a cargo de los <strong>Ing. Carlos Albaca Parav\u00e1n<\/strong> y <strong>Franco Daniel Men\u00e9ndez<\/strong>.<\/div>\n<\/div>\n<div class=\"x11i5rnm xat24cr x1mh8g0r x1vvkbs xtlvy1s x126k92a\" style=\"text-align: justify;\">\n<div dir=\"auto\">\u00a0<\/div>\n<div dir=\"auto\">Esta actividad se llevar\u00e1 a cabo el d\u00eda <strong>martes 16 de abril<\/strong> a las <strong>18:00 hs<\/strong>, en el <strong>Laboratorio de Redes de Computadoras<\/strong> (1-3-06).<\/div>\n<\/div>\n<div class=\"x11i5rnm xat24cr x1mh8g0r x1vvkbs xtlvy1s x126k92a\" style=\"text-align: justify;\">\n<div dir=\"auto\">\u00a0<\/div>\n<div dir=\"auto\">Desde las 17:45 hs los asistentes podr\u00e1n disfrutar de un refrigerio, y al finalizar la charla, participar de diferentes sorteos y la entrega de certificados oficiales.<\/div>\n<\/div>\n<div class=\"x11i5rnm xat24cr x1mh8g0r x1vvkbs xtlvy1s x126k92a\">\n<div dir=\"auto\" style=\"text-align: justify;\">\u00a0<\/div>\n<div dir=\"auto\" style=\"text-align: justify;\">Adem\u00e1s, la actividad ser\u00e1 transmitida en vivo por el canal de YouTube de la carrera en el siguiente enlace: <a class=\"x1i10hfl xjbqb8w x1ejq31n xd10rxx x1sy0etr x17r0tee x972fbf xcfux6l x1qhh985 xm0m39n x9f619 x1ypdohk xt0psk2 xe8uvvx xdj266r x11i5rnm xat24cr x1mh8g0r xexx8yu x4uap5 x18d9i69 xkhd6sd x16tdsg8 x1hl2dhg xggy1nq x1a2a7pz xt0b8zv x1fey0fg\" tabindex=\"0\" role=\"link\" href=\"https:\/\/www.youtube.com\/watch?v=Mw431Qeq4O0&amp;fbclid=IwAR0n3opSi6NknRQI9yobryNOh2ZFjm-NC4c45nwVWHKYYCy1SEOUCuC9qh4\" target=\"_blank\" rel=\"nofollow noopener noreferrer\">http:\/\/www.youtube.com\/watch?v=Mw431Qeq4O0<\/a><\/div>\n<div dir=\"auto\" style=\"text-align: justify;\">\u00a0<\/div>\n<\/div>\n<div class=\"x11i5rnm xat24cr x1mh8g0r x1vvkbs xtlvy1s x126k92a\">\n<div dir=\"auto\">\u00a1Los esperamos!<\/div>\n<\/div>\n<div class=\"x11i5rnm xat24cr x1mh8g0r x1vvkbs xtlvy1s x126k92a\">\n<div dir=\"auto\">\u00a0<\/div>\n<\/div>\n<\/div>\n<\/div><\/div><\/div><\/div><\/div>","protected":false},"excerpt":{"rendered":"<p>Se invita a alumnos, docentes y graduados de la carrera de Ingenier\u00eda en Computaci\u00f3n de la FACET y p\u00fablico en general a participar del 7\u00ba Caf\u00e9 Cient\u00edfico \u201cLos Superh\u00e9roes y la Ingenier\u00eda: Reloaded\u201d, a cargo de los Ing. Carlos Albaca Parav\u00e1n y Franco Daniel Men\u00e9ndez.\u00a0Esta actividad se llevar\u00e1 a cabo el d\u00eda martes 16 de [&hellip;]<\/p>\n","protected":false},"author":6,"featured_media":3149,"comment_status":"closed","ping_status":"closed","sticky":false,"template":"","format":"standard","meta":[],"categories":[4],"tags":[],"_links":{"self":[{"href":"https:\/\/www.facet.unt.edu.ar\/sbe\/wp-json\/wp\/v2\/posts\/3147"}],"collection":[{"href":"https:\/\/www.facet.unt.edu.ar\/sbe\/wp-json\/wp\/v2\/posts"}],"about":[{"href":"https:\/\/www.facet.unt.edu.ar\/sbe\/wp-json\/wp\/v2\/types\/post"}],"author":[{"embeddable":true,"href":"https:\/\/www.facet.unt.edu.ar\/sbe\/wp-json\/wp\/v2\/users\/6"}],"replies":[{"embeddable":true,"href":"https:\/\/www.facet.unt.edu.ar\/sbe\/wp-json\/wp\/v2\/comments?post=3147"}],"version-history":[{"count":3,"href":"https:\/\/www.facet.unt.edu.ar\/sbe\/wp-json\/wp\/v2\/posts\/3147\/revisions"}],"predecessor-version":[{"id":3151,"href":"https:\/\/www.facet.unt.edu.ar\/sbe\/wp-json\/wp\/v2\/posts\/3147\/revisions\/3151"}],"wp:featuredmedia":[{"embeddable":true,"href":"https:\/\/www.facet.unt.edu.ar\/sbe\/wp-json\/wp\/v2\/media\/3149"}],"wp:attachment":[{"href":"https:\/\/www.facet.unt.edu.ar\/sbe\/wp-json\/wp\/v2\/media?parent=3147"}],"wp:term":[{"taxonomy":"category","embeddable":true,"href":"https:\/\/www.facet.unt.edu.ar\/sbe\/wp-json\/wp\/v2\/categories?post=3147"},{"taxonomy":"post_tag","embeddable":true,"href":"https:\/\/www.facet.unt.edu.ar\/sbe\/wp-json\/wp\/v2\/tags?post=3147"}],"curies":[{"name":"wp","href":"https:\/\/api.w.org\/{rel}","templated":true}]}}