{"id":3200,"date":"2024-05-06T12:51:35","date_gmt":"2024-05-06T15:51:35","guid":{"rendered":"https:\/\/www.facet.unt.edu.ar\/sbe\/?p=3200"},"modified":"2024-05-08T02:33:56","modified_gmt":"2024-05-08T05:33:56","slug":"busqueda-de-pasantes-electronica-o-electrica-edet-s-a-cierre-de-convocatoria-12-05","status":"publish","type":"post","link":"https:\/\/www.facet.unt.edu.ar\/sbe\/2024\/05\/06\/busqueda-de-pasantes-electronica-o-electrica-edet-s-a-cierre-de-convocatoria-12-05\/","title":{"rendered":"B\u00fasqueda de Pasantes Electr\u00f3nica o El\u00e9ctrica EDET S.A. | Cierre de Convocatoria: 12\/05"},"content":{"rendered":"<div id=\"pl-3200\"  class=\"panel-layout\" ><div id=\"pg-3200-0\"  class=\"panel-grid panel-no-style\" ><div id=\"pgc-3200-0-0\"  class=\"panel-grid-cell\" ><div id=\"panel-3200-0-0-0\" class=\"so-panel widget widget_black-studio-tinymce widget_black_studio_tinymce panel-first-child panel-last-child\" data-index=\"0\" ><div class=\"textwidget\"><p><img class=\"aligncenter size-full wp-image-3103\" src=\"https:\/\/www.facet.unt.edu.ar\/sbe\/wp-content\/uploads\/sites\/77\/2024\/03\/PASANTIA-EDET-SA.png\" alt=\"\" width=\"1300\" height=\"1300\" \/><\/p>\n<\/div><\/div><\/div><div id=\"pgc-3200-0-1\"  class=\"panel-grid-cell\" ><div id=\"panel-3200-0-1-0\" class=\"so-panel widget widget_sow-editor panel-first-child panel-last-child\" data-index=\"1\" ><div\n\t\t\t\n\t\t\tclass=\"so-widget-sow-editor so-widget-sow-editor-base\"\n\t\t\t\n\t\t>\n<div class=\"siteorigin-widget-tinymce textwidget\">\n\t<p style=\"text-align: justify;\">EDET S.A. se encuentra en la b\u00fasqueda de estudiantes regulares de las carreras de Ingenier\u00eda Electr\u00f3nica o El\u00e9ctrica de la FACET para cubrir puesto de pasant\u00eda con los siguientes requisitos:<\/p>\n<ul style=\"text-align: justify;\">\n<li>Grado de avance de la carrera: 70 %<\/li>\n<li>Promedio 7<\/li>\n<li>Tener entre 20 y 27 a\u00f1os.<\/li>\n<li>Conocimiento de herramientas inform\u00e1ticas (Ms Office)<\/li>\n<\/ul>\n<p style=\"text-align: justify;\">Los interesados deben enviar su CV hasta el <strong>12 de Mayo de 2024<\/strong>, a <a href=\"mailto:sbe.facet@herrera.unt.edu.ar\" target=\"_blank\" rel=\"noopener\">sbe.facet@herrera.unt.edu.ar<\/a> destacando en el Asunto del mail \u201c<strong>EDET<\/strong>\u201d. Adjuntar el CV con el formato: DNI-NombreCompleto.doc \u00f3 DNI-NombreCompleto.pdf. Ejemplo: 12345678-MonicaGarcia.pdf<\/p>\n<p style=\"text-align: justify;\">IMPORTANTE: NO SE RECIBIR\u00c1N ARCHIVOS DE M\u00c1S DE 500 KB.<\/p>\n<\/div>\n<\/div><\/div><\/div><\/div><\/div>","protected":false},"excerpt":{"rendered":"<p>EDET S.A. se encuentra en la b\u00fasqueda de estudiantes regulares de las carreras de Ingenier\u00eda Electr\u00f3nica o El\u00e9ctrica de la FACET para cubrir puesto de pasant\u00eda con los siguientes requisitos:Grado de avance de la carrera: 70 %Promedio 7Tener entre 20 y 27 a\u00f1os.Conocimiento de herramientas inform\u00e1ticas (Ms Office)Los interesados deben enviar su CV hasta el [&hellip;]<\/p>\n","protected":false},"author":6,"featured_media":3103,"comment_status":"closed","ping_status":"closed","sticky":false,"template":"","format":"standard","meta":[],"categories":[7],"tags":[],"_links":{"self":[{"href":"https:\/\/www.facet.unt.edu.ar\/sbe\/wp-json\/wp\/v2\/posts\/3200"}],"collection":[{"href":"https:\/\/www.facet.unt.edu.ar\/sbe\/wp-json\/wp\/v2\/posts"}],"about":[{"href":"https:\/\/www.facet.unt.edu.ar\/sbe\/wp-json\/wp\/v2\/types\/post"}],"author":[{"embeddable":true,"href":"https:\/\/www.facet.unt.edu.ar\/sbe\/wp-json\/wp\/v2\/users\/6"}],"replies":[{"embeddable":true,"href":"https:\/\/www.facet.unt.edu.ar\/sbe\/wp-json\/wp\/v2\/comments?post=3200"}],"version-history":[{"count":2,"href":"https:\/\/www.facet.unt.edu.ar\/sbe\/wp-json\/wp\/v2\/posts\/3200\/revisions"}],"predecessor-version":[{"id":3205,"href":"https:\/\/www.facet.unt.edu.ar\/sbe\/wp-json\/wp\/v2\/posts\/3200\/revisions\/3205"}],"wp:featuredmedia":[{"embeddable":true,"href":"https:\/\/www.facet.unt.edu.ar\/sbe\/wp-json\/wp\/v2\/media\/3103"}],"wp:attachment":[{"href":"https:\/\/www.facet.unt.edu.ar\/sbe\/wp-json\/wp\/v2\/media?parent=3200"}],"wp:term":[{"taxonomy":"category","embeddable":true,"href":"https:\/\/www.facet.unt.edu.ar\/sbe\/wp-json\/wp\/v2\/categories?post=3200"},{"taxonomy":"post_tag","embeddable":true,"href":"https:\/\/www.facet.unt.edu.ar\/sbe\/wp-json\/wp\/v2\/tags?post=3200"}],"curies":[{"name":"wp","href":"https:\/\/api.w.org\/{rel}","templated":true}]}}