{"id":3206,"date":"2024-05-10T14:01:36","date_gmt":"2024-05-10T17:01:36","guid":{"rendered":"https:\/\/www.facet.unt.edu.ar\/sbe\/?p=3206"},"modified":"2024-05-10T14:01:38","modified_gmt":"2024-05-10T17:01:38","slug":"convocatoria-2024-becas-de-estimulo-a-las-vocaciones-cientificas","status":"publish","type":"post","link":"https:\/\/www.facet.unt.edu.ar\/sbe\/2024\/05\/10\/convocatoria-2024-becas-de-estimulo-a-las-vocaciones-cientificas\/","title":{"rendered":"Convocatoria 2024 | Becas de Est\u00edmulo a las Vocaciones Cient\u00edficas"},"content":{"rendered":"<div id=\"pl-3206\"  class=\"panel-layout\" ><div id=\"pg-3206-0\"  class=\"panel-grid panel-no-style\" ><div id=\"pgc-3206-0-0\"  class=\"panel-grid-cell\" ><div id=\"panel-3206-0-0-0\" class=\"so-panel widget widget_black-studio-tinymce widget_black_studio_tinymce panel-first-child panel-last-child\" data-index=\"0\" ><div class=\"textwidget\"><p><img class=\"aligncenter size-full wp-image-3207\" src=\"https:\/\/www.facet.unt.edu.ar\/sbe\/wp-content\/uploads\/sites\/77\/2024\/05\/becas-estimulos-a-alumnos-de-grado.jpg\" alt=\"\" width=\"750\" height=\"742\" \/><\/p>\n<\/div><\/div><\/div><div id=\"pgc-3206-0-1\"  class=\"panel-grid-cell\" ><div id=\"panel-3206-0-1-0\" class=\"so-panel widget widget_sow-editor panel-first-child panel-last-child\" data-index=\"1\" ><div\n\t\t\t\n\t\t\tclass=\"so-widget-sow-editor so-widget-sow-editor-base\"\n\t\t\t\n\t\t>\n<div class=\"siteorigin-widget-tinymce textwidget\">\n\t<p style=\"text-align: justify;\">El Consejo Interuniversitario Nacional - CIN otorgar\u00e1 Becas de Est\u00edmulo a las Vocaciones Cient\u00edficas para estudiantes de grado que deseen iniciar su formaci\u00f3n en investigaci\u00f3n.<\/p>\n<p style=\"text-align: justify;\">La convocatoria se encuentra abierta hasta el<strong> 17 de mayo<\/strong>, a las <strong>13 hs<\/strong>.<\/p>\n<p style=\"text-align: justify;\">Se espera que mediante las Becas EVC-CIN se realice una experiencia de un a\u00f1o de duraci\u00f3n en el marco de un\u00a0<a href=\"https:\/\/evc.cin.edu.ar\/preguntas-frecuentes\/glosario\">proyecto de investigaci\u00f3n\u00a0<\/a>acreditado y financiado de la misma instituci\u00f3n en la que se estudia y a partir del cumplimiento de un\u00a0<a href=\"https:\/\/evc.cin.edu.ar\/preguntas-frecuentes\/glosario\">plan de trabajo<\/a>\u00a0propuesto bajo la gu\u00eda de un docente, quien actuar\u00e1 como director de la persona becaria.<\/p>\n<p style=\"text-align: justify;\">Bases, condiciones y m\u00e1s informaci\u00f3n en: <a href=\"https:\/\/evc.cin.edu.ar\/\">https:\/\/evc.cin.edu.ar\/<\/a><\/p>\n<\/div>\n<\/div><\/div><\/div><\/div><\/div>","protected":false},"excerpt":{"rendered":"<p>El Consejo Interuniversitario Nacional &#8211; CIN otorgar\u00e1 Becas de Est\u00edmulo a las Vocaciones Cient\u00edficas para estudiantes de grado que deseen iniciar su formaci\u00f3n en investigaci\u00f3n.La convocatoria se encuentra abierta hasta el 17 de mayo, a las 13 hs.Se espera que mediante las Becas EVC-CIN se realice una experiencia de un a\u00f1o de duraci\u00f3n en el [&hellip;]<\/p>\n","protected":false},"author":6,"featured_media":3207,"comment_status":"closed","ping_status":"closed","sticky":false,"template":"","format":"standard","meta":[],"categories":[9,4],"tags":[],"_links":{"self":[{"href":"https:\/\/www.facet.unt.edu.ar\/sbe\/wp-json\/wp\/v2\/posts\/3206"}],"collection":[{"href":"https:\/\/www.facet.unt.edu.ar\/sbe\/wp-json\/wp\/v2\/posts"}],"about":[{"href":"https:\/\/www.facet.unt.edu.ar\/sbe\/wp-json\/wp\/v2\/types\/post"}],"author":[{"embeddable":true,"href":"https:\/\/www.facet.unt.edu.ar\/sbe\/wp-json\/wp\/v2\/users\/6"}],"replies":[{"embeddable":true,"href":"https:\/\/www.facet.unt.edu.ar\/sbe\/wp-json\/wp\/v2\/comments?post=3206"}],"version-history":[{"count":2,"href":"https:\/\/www.facet.unt.edu.ar\/sbe\/wp-json\/wp\/v2\/posts\/3206\/revisions"}],"predecessor-version":[{"id":3209,"href":"https:\/\/www.facet.unt.edu.ar\/sbe\/wp-json\/wp\/v2\/posts\/3206\/revisions\/3209"}],"wp:featuredmedia":[{"embeddable":true,"href":"https:\/\/www.facet.unt.edu.ar\/sbe\/wp-json\/wp\/v2\/media\/3207"}],"wp:attachment":[{"href":"https:\/\/www.facet.unt.edu.ar\/sbe\/wp-json\/wp\/v2\/media?parent=3206"}],"wp:term":[{"taxonomy":"category","embeddable":true,"href":"https:\/\/www.facet.unt.edu.ar\/sbe\/wp-json\/wp\/v2\/categories?post=3206"},{"taxonomy":"post_tag","embeddable":true,"href":"https:\/\/www.facet.unt.edu.ar\/sbe\/wp-json\/wp\/v2\/tags?post=3206"}],"curies":[{"name":"wp","href":"https:\/\/api.w.org\/{rel}","templated":true}]}}