{"id":3453,"date":"2024-06-18T15:30:49","date_gmt":"2024-06-18T18:30:49","guid":{"rendered":"https:\/\/www.facet.unt.edu.ar\/sbe\/?p=3453"},"modified":"2024-06-18T20:39:46","modified_gmt":"2024-06-18T23:39:46","slug":"busqueda-de-pasante-industrial-o-mecanica-grupo-cargo-cierre-de-convocatoria-03-07","status":"publish","type":"post","link":"https:\/\/www.facet.unt.edu.ar\/sbe\/2024\/06\/18\/busqueda-de-pasante-industrial-o-mecanica-grupo-cargo-cierre-de-convocatoria-03-07\/","title":{"rendered":"B\u00fasqueda de Pasante Industrial o Mec\u00e1nica \u2013 GRUPO CARGO | Cierre de Convocatoria: 03\/07"},"content":{"rendered":"<div id=\"pl-3453\"  class=\"panel-layout\"><div id=\"pg-3453-0\"  class=\"panel-grid panel-no-style\"><div id=\"pgc-3453-0-0\"  class=\"panel-grid-cell\"><div id=\"panel-3453-0-0-0\" class=\"so-panel widget widget_black-studio-tinymce widget_black_studio_tinymce panel-first-child panel-last-child\" data-index=\"0\"><div class=\"textwidget\"><p><img class=\"aligncenter size-full wp-image-3455\" src=\"https:\/\/www.facet.unt.edu.ar\/sbe\/wp-content\/uploads\/sites\/77\/2024\/06\/PASANTIA-ESTUDIANTIAL-GRUPO-CARGO.png\" alt=\"\" width=\"1300\" height=\"1300\" \/><\/p>\n<\/div><\/div><\/div><div id=\"pgc-3453-0-1\"  class=\"panel-grid-cell\"><div id=\"panel-3453-0-1-0\" class=\"so-panel widget widget_sow-editor panel-first-child panel-last-child\" data-index=\"1\"><div\n\t\t\t\n\t\t\tclass=\"so-widget-sow-editor so-widget-sow-editor-base\">\n<div class=\"siteorigin-widget-tinymce textwidget\">\n\t<p style=\"text-align: justify;\">GRUPO CARGO busca incorporar estudiantes de las carreras de Ingenier\u00eda Industrial o Ingenier\u00eda Mec\u00e1nica de la FACET para incorporarse como Pasante en el \u00e1rea de Calidad.<\/p>\n<p style=\"text-align: justify;\">Principales funciones:<br \/>\u2022 Confecci\u00f3n y seguimiento del Plan Anual de Calidad,<br \/>\u2022 Confecci\u00f3n de la Matriz de Riesgos de Calidad (ANFE)<br \/>\u2022 Dictado de capacitaciones<br \/>\u2022 Realizaci\u00f3n de Auditor\u00edas de Calidad y Generales de Procesos<br \/>\u2022 Gesti\u00f3n de Desv\u00edos de Calidad<br \/>\u2022 Realizar informes de avance de los Planes y Objetivos planteados a la operaci\u00f3n,<br \/>\u2022 Seguimiento de No Conformidades<br \/>\u2022 Gesti\u00f3n de Calibraci\u00f3n de Instrumentos<br \/>\u2022 Implementar herramientas de mejora continua.<\/p><\/div><\/div><\/div><\/div><\/div><\/div><p><a class=\"more-link\" href=\"https:\/\/www.facet.unt.edu.ar\/sbe\/2024\/06\/18\/busqueda-de-pasante-industrial-o-mecanica-grupo-cargo-cierre-de-convocatoria-03-07\/\">Leer m\u00e1s<span class=\"meta-nav\">&rarr;<\/span><\/a><\/p>","protected":false},"excerpt":{"rendered":"<p>GRUPO CARGO busca incorporar estudiantes de las carreras de Ingenier\u00eda Industrial o Ingenier\u00eda Mec\u00e1nica de la FACET para incorporarse como Pasante en el \u00e1rea de Calidad.Principales funciones:\u2022 Confecci\u00f3n y seguimiento del Plan Anual de Calidad,\u2022 Confecci\u00f3n de la Matriz de Riesgos de Calidad (ANFE)\u2022 Dictado de capacitaciones\u2022 Realizaci\u00f3n de Auditor\u00edas de Calidad y Generales de [&hellip;]<\/p>\n","protected":false},"author":6,"featured_media":3455,"comment_status":"closed","ping_status":"closed","sticky":false,"template":"","format":"standard","meta":[],"categories":[7],"tags":[],"_links":{"self":[{"href":"https:\/\/www.facet.unt.edu.ar\/sbe\/wp-json\/wp\/v2\/posts\/3453"}],"collection":[{"href":"https:\/\/www.facet.unt.edu.ar\/sbe\/wp-json\/wp\/v2\/posts"}],"about":[{"href":"https:\/\/www.facet.unt.edu.ar\/sbe\/wp-json\/wp\/v2\/types\/post"}],"author":[{"embeddable":true,"href":"https:\/\/www.facet.unt.edu.ar\/sbe\/wp-json\/wp\/v2\/users\/6"}],"replies":[{"embeddable":true,"href":"https:\/\/www.facet.unt.edu.ar\/sbe\/wp-json\/wp\/v2\/comments?post=3453"}],"version-history":[{"count":4,"href":"https:\/\/www.facet.unt.edu.ar\/sbe\/wp-json\/wp\/v2\/posts\/3453\/revisions"}],"predecessor-version":[{"id":3457,"href":"https:\/\/www.facet.unt.edu.ar\/sbe\/wp-json\/wp\/v2\/posts\/3453\/revisions\/3457"}],"wp:featuredmedia":[{"embeddable":true,"href":"https:\/\/www.facet.unt.edu.ar\/sbe\/wp-json\/wp\/v2\/media\/3455"}],"wp:attachment":[{"href":"https:\/\/www.facet.unt.edu.ar\/sbe\/wp-json\/wp\/v2\/media?parent=3453"}],"wp:term":[{"taxonomy":"category","embeddable":true,"href":"https:\/\/www.facet.unt.edu.ar\/sbe\/wp-json\/wp\/v2\/categories?post=3453"},{"taxonomy":"post_tag","embeddable":true,"href":"https:\/\/www.facet.unt.edu.ar\/sbe\/wp-json\/wp\/v2\/tags?post=3453"}],"curies":[{"name":"wp","href":"https:\/\/api.w.org\/{rel}","templated":true}]}}