{"id":3638,"date":"2024-09-09T09:05:43","date_gmt":"2024-09-09T12:05:43","guid":{"rendered":"https:\/\/www.facet.unt.edu.ar\/sbe\/?p=3638"},"modified":"2024-09-09T09:21:43","modified_gmt":"2024-09-09T12:21:43","slug":"invitacion-encuentro-internacional-dialogos-sobre-el-agua-buena-gobernanza-alianzas-y-cooperacion","status":"publish","type":"post","link":"https:\/\/www.facet.unt.edu.ar\/sbe\/2024\/09\/09\/invitacion-encuentro-internacional-dialogos-sobre-el-agua-buena-gobernanza-alianzas-y-cooperacion\/","title":{"rendered":"Invitaci\u00f3n | Encuentro Internacional \u201cDi\u00e1logos sobre el Agua: Buena gobernanza, alianzas y cooperaci\u00f3n\u201d"},"content":{"rendered":"<div id=\"pl-3638\"  class=\"panel-layout\" ><div id=\"pg-3638-0\"  class=\"panel-grid panel-no-style\" ><div id=\"pgc-3638-0-0\"  class=\"panel-grid-cell\" ><div id=\"panel-3638-0-0-0\" class=\"so-panel widget widget_black-studio-tinymce widget_black_studio_tinymce panel-first-child panel-last-child\" data-index=\"0\" ><div class=\"textwidget\"><p><img class=\"aligncenter size-full wp-image-3639\" src=\"https:\/\/www.facet.unt.edu.ar\/sbe\/wp-content\/uploads\/sites\/77\/2024\/09\/ENCUENTRO-DIALOGOS-SOBRE-EL-AGUA.jpeg\" alt=\"\" width=\"983\" height=\"983\" \/><\/p>\n<\/div><\/div><\/div><div id=\"pgc-3638-0-1\"  class=\"panel-grid-cell\" ><div id=\"panel-3638-0-1-0\" class=\"so-panel widget widget_sow-editor panel-first-child panel-last-child\" data-index=\"1\" ><div\n\t\t\t\n\t\t\tclass=\"so-widget-sow-editor so-widget-sow-editor-base\"\n\t\t\t\n\t\t>\n<div class=\"siteorigin-widget-tinymce textwidget\">\n\t<p style=\"font-weight: 400; text-align: justify;\">Se invita a alumnos, graduados e interesados en la tem\u00e1tica a participar del <strong>Encuentro Internacional \"Di\u00e1logos sobre el Agua: Buena gobernanza, alianzas y cooperaci\u00f3n\"<\/strong>, que se llevar\u00e1 a cabo los d\u00edas<strong> jueves 19 y viernes 20 de septiembre<\/strong>, en la FACET.<\/p>\n<p style=\"font-weight: 400; text-align: justify;\">Ser\u00e1 el ambiente de un encuentro \u00fanico sobre proyectos de desarrollo, gobernanza, tecnolog\u00eda e innovaci\u00f3n en el sector del Agua. En este evento, podr\u00e1s conocer directamente de la Directora del Programa Mundial sobre Recursos H\u00eddricos de la UNESCO, <strong>Michela Miletto<\/strong>, aspectos estrat\u00e9gicos que est\u00e1n marcando el rumbo del sector del agua.<\/p>\n<p style=\"font-weight: 400; text-align: justify;\">El programa abarcar\u00e1 temas claves como instrumentos de financiamiento para proyectos, modelos de organizaci\u00f3n en la gesti\u00f3n del agua, nuevas tecnolog\u00edas y cambio clim\u00e1tico. Y se contar\u00e1 con la presencia de expertos y l\u00edderes de entidades de referencia en la tem\u00e1tica, quienes compartir\u00e1n sus conocimientos y experiencias.<\/p>\n<p style=\"font-weight: 400; text-align: justify;\">Los diferentes sectores involucrados en la gesti\u00f3n del agua ser\u00e1n motivados a intercambiar ideas y formar alianzas estrat\u00e9gicas para abordar los m\u00faltiples desaf\u00edos y oportunidades relacionados con los recursos h\u00eddricos en la regi\u00f3n, promoviendo la sostenibilidad, la cooperaci\u00f3n y la innovaci\u00f3n en beneficio de la comunidad local y la contribuci\u00f3n a los Objetivos de Desarrollo Sostenible.<\/p>\n<p style=\"font-weight: 400; text-align: justify;\">Est\u00e1n previstas las siguientes mesas de trabajo:<\/p>\n<blockquote>\n<p style=\"text-align: justify;\"><strong>MESA A: INSTRUMENTOS FINANCIEROS Y PROYECTOS DE DESARROLLO<\/strong><\/p>\n<p style=\"text-align: justify;\">Este espacio de intercambio permitir\u00e1 a los participantes conocer y evaluar diferentes fuentes de financiamiento, desde fondos gubernamentales y pr\u00e9stamos internacionales hasta alianzas p\u00fablico-privadas y esquemas innovadores de inversi\u00f3n social.<\/p>\n<p style=\"text-align: justify;\"><strong>MESA B: GOBERNANZA Y SOCIEDAD<\/strong><\/p>\n<p style=\"text-align: justify;\">Este espacio proporcionar\u00e1 a los participantes una oportunidad para analizar la interacci\u00f3n entre las pol\u00edticas p\u00fablicas, la participaci\u00f3n ciudadana y la sostenibilidad de los recursos h\u00eddricos, promoviendo un enfoque integrador que considere tanto los aspectos t\u00e9cnicos, ambientales y sociales en la gesti\u00f3n del agua.<\/p>\n<p style=\"text-align: justify;\"><strong>MESA C: TECNOLOG\u00cdA, INNOVACI\u00d3N Y CAMBIO CLIM\u00c1TICO<\/strong><\/p>\n<p style=\"text-align: justify;\">Este espacio fomentar\u00e1 la colaboraci\u00f3n interdisciplinaria y la creaci\u00f3n de alianzas entre sectores para promover proyectos que integren tecnolog\u00eda y sostenibilidad en la gesti\u00f3n del agua, asegurando su disponibilidad para futuras generaciones en un contexto de cambio clim\u00e1tico.<\/p>\n<\/blockquote>\n<p style=\"font-weight: 400; text-align: justify;\">Para asistir al evento, formar parte de las mesas de trabajo y recibir certificado de participaci\u00f3n, es necesario inscribirse a trav\u00e9s del siguiente formulario:\u00a0<a href=\"https:\/\/docs.google.com\/forms\/d\/e\/1FAIpQLScv-PdrsfEkZ0xl6U315QpAi6Hn_u0yS3btOq4ukm3AdJtA1A\/viewform?pli=1\" target=\"_blank\" rel=\"noopener\" data-saferedirecturl=\"https:\/\/www.google.com\/url?q=https:\/\/docs.google.com\/forms\/d\/e\/1FAIpQLScv-PdrsfEkZ0xl6U315QpAi6Hn_u0yS3btOq4ukm3AdJtA1A\/viewform?pli%3D1&amp;source=gmail&amp;ust=1725964751778000&amp;usg=AOvVaw2UCdja_DVFvAKsUDgBdhfR\">https:\/\/docs.google.com\/forms\/d\/e\/1FAIpQLScv-PdrsfEkZ0xl6U315QpAi6Hn_u0yS3btOq4ukm3AdJtA1A\/viewform?pli=1<\/a><\/p>\n<\/div>\n<\/div><\/div><\/div><\/div><\/div>","protected":false},"excerpt":{"rendered":"<p>Se invita a alumnos, graduados e interesados en la tem\u00e1tica a participar del Encuentro Internacional &#8220;Di\u00e1logos sobre el Agua: Buena gobernanza, alianzas y cooperaci\u00f3n&#8221;, que se llevar\u00e1 a cabo los d\u00edas jueves 19 y viernes 20 de septiembre, en la FACET. Ser\u00e1 el ambiente de un encuentro \u00fanico sobre proyectos de desarrollo, gobernanza, tecnolog\u00eda e [&hellip;]<\/p>\n","protected":false},"author":6,"featured_media":3639,"comment_status":"closed","ping_status":"closed","sticky":false,"template":"","format":"standard","meta":[],"categories":[4],"tags":[],"_links":{"self":[{"href":"https:\/\/www.facet.unt.edu.ar\/sbe\/wp-json\/wp\/v2\/posts\/3638"}],"collection":[{"href":"https:\/\/www.facet.unt.edu.ar\/sbe\/wp-json\/wp\/v2\/posts"}],"about":[{"href":"https:\/\/www.facet.unt.edu.ar\/sbe\/wp-json\/wp\/v2\/types\/post"}],"author":[{"embeddable":true,"href":"https:\/\/www.facet.unt.edu.ar\/sbe\/wp-json\/wp\/v2\/users\/6"}],"replies":[{"embeddable":true,"href":"https:\/\/www.facet.unt.edu.ar\/sbe\/wp-json\/wp\/v2\/comments?post=3638"}],"version-history":[{"count":4,"href":"https:\/\/www.facet.unt.edu.ar\/sbe\/wp-json\/wp\/v2\/posts\/3638\/revisions"}],"predecessor-version":[{"id":3641,"href":"https:\/\/www.facet.unt.edu.ar\/sbe\/wp-json\/wp\/v2\/posts\/3638\/revisions\/3641"}],"wp:featuredmedia":[{"embeddable":true,"href":"https:\/\/www.facet.unt.edu.ar\/sbe\/wp-json\/wp\/v2\/media\/3639"}],"wp:attachment":[{"href":"https:\/\/www.facet.unt.edu.ar\/sbe\/wp-json\/wp\/v2\/media?parent=3638"}],"wp:term":[{"taxonomy":"category","embeddable":true,"href":"https:\/\/www.facet.unt.edu.ar\/sbe\/wp-json\/wp\/v2\/categories?post=3638"},{"taxonomy":"post_tag","embeddable":true,"href":"https:\/\/www.facet.unt.edu.ar\/sbe\/wp-json\/wp\/v2\/tags?post=3638"}],"curies":[{"name":"wp","href":"https:\/\/api.w.org\/{rel}","templated":true}]}}