{"id":3943,"date":"2024-12-16T13:33:55","date_gmt":"2024-12-16T16:33:55","guid":{"rendered":"https:\/\/www.facet.unt.edu.ar\/sbe\/?p=3943"},"modified":"2024-12-16T13:33:56","modified_gmt":"2024-12-16T16:33:56","slug":"invitacion-al-seminario-de-graduacion-de-la-alumna-maria-belen-ruiz-dilascio-lic-en-matematica","status":"publish","type":"post","link":"https:\/\/www.facet.unt.edu.ar\/sbe\/2024\/12\/16\/invitacion-al-seminario-de-graduacion-de-la-alumna-maria-belen-ruiz-dilascio-lic-en-matematica\/","title":{"rendered":"Invitaci\u00f3n al Seminario de Graduaci\u00f3n de la alumna Mar\u00eda Bel\u00e9n Ruiz Dilascio \u2013 Lic. en Matem\u00e1tica"},"content":{"rendered":"<div id=\"pl-3943\"  class=\"panel-layout\" ><div id=\"pg-3943-0\"  class=\"panel-grid panel-no-style\" ><div id=\"pgc-3943-0-0\"  class=\"panel-grid-cell\" ><div id=\"panel-3943-0-0-0\" class=\"so-panel widget widget_black-studio-tinymce widget_black_studio_tinymce panel-first-child panel-last-child\" data-index=\"0\" ><div class=\"textwidget\"><p><img class=\"aligncenter size-full wp-image-3944\" src=\"https:\/\/www.facet.unt.edu.ar\/sbe\/wp-content\/uploads\/sites\/77\/2024\/12\/DEFENSA-DE-SEMINARIO-DE-LM-RUIZ-DILASCIO.png\" alt=\"\" width=\"1300\" height=\"1300\" \/><\/p>\n<\/div><\/div><\/div><div id=\"pgc-3943-0-1\"  class=\"panel-grid-cell\" ><div id=\"panel-3943-0-1-0\" class=\"so-panel widget widget_sow-editor panel-first-child panel-last-child\" data-index=\"1\" ><div\n\t\t\t\n\t\t\tclass=\"so-widget-sow-editor so-widget-sow-editor-base\"\n\t\t\t\n\t\t>\n<div class=\"siteorigin-widget-tinymce textwidget\">\n\t<p style=\"text-align: justify;\">Se invita a la comunidad universitaria a participar del Seminario de Graduaci\u00f3n de la alumna Mar\u00eda Bel\u00e9n Ruiz Dilascio, titulado \"An\u00e1lisis de estabilidad de sistemas din\u00e1micos aut\u00f3nomos no lineales. Propiedades cualitativas y comportamiento a largo plazo\", para obtener el t\u00edtulo de grado de Licenciada en Matem\u00e1tica, FACET \u2013 UNT.<\/p>\n<p style=\"text-align: justify;\">El seminario estuvo bajo la tutor\u00eda del Lic. Gabriel Ra\u00fal Trimarco.<\/p>\n<p style=\"text-align: justify;\">El acto acad\u00e9mico se llevar\u00e1 a cabo el d\u00eda jueves 19 de diciembre, a las 11:00 hs, en el Aula 2-4-8, Block 2, 4\u00ba Piso, FACET - UNT.<\/p>\n<\/div>\n<\/div><\/div><\/div><\/div><\/div>","protected":false},"excerpt":{"rendered":"<p>Se invita a la comunidad universitaria a participar del Seminario de Graduaci\u00f3n de la alumna Mar\u00eda Bel\u00e9n Ruiz Dilascio, titulado &#8220;An\u00e1lisis de estabilidad de sistemas din\u00e1micos aut\u00f3nomos no lineales. Propiedades cualitativas y comportamiento a largo plazo&#8221;, para obtener el t\u00edtulo de grado de Licenciada en Matem\u00e1tica, FACET \u2013 UNT.El seminario estuvo bajo la tutor\u00eda del [&hellip;]<\/p>\n","protected":false},"author":6,"featured_media":3944,"comment_status":"closed","ping_status":"closed","sticky":false,"template":"","format":"standard","meta":[],"categories":[4],"tags":[],"_links":{"self":[{"href":"https:\/\/www.facet.unt.edu.ar\/sbe\/wp-json\/wp\/v2\/posts\/3943"}],"collection":[{"href":"https:\/\/www.facet.unt.edu.ar\/sbe\/wp-json\/wp\/v2\/posts"}],"about":[{"href":"https:\/\/www.facet.unt.edu.ar\/sbe\/wp-json\/wp\/v2\/types\/post"}],"author":[{"embeddable":true,"href":"https:\/\/www.facet.unt.edu.ar\/sbe\/wp-json\/wp\/v2\/users\/6"}],"replies":[{"embeddable":true,"href":"https:\/\/www.facet.unt.edu.ar\/sbe\/wp-json\/wp\/v2\/comments?post=3943"}],"version-history":[{"count":1,"href":"https:\/\/www.facet.unt.edu.ar\/sbe\/wp-json\/wp\/v2\/posts\/3943\/revisions"}],"predecessor-version":[{"id":3945,"href":"https:\/\/www.facet.unt.edu.ar\/sbe\/wp-json\/wp\/v2\/posts\/3943\/revisions\/3945"}],"wp:featuredmedia":[{"embeddable":true,"href":"https:\/\/www.facet.unt.edu.ar\/sbe\/wp-json\/wp\/v2\/media\/3944"}],"wp:attachment":[{"href":"https:\/\/www.facet.unt.edu.ar\/sbe\/wp-json\/wp\/v2\/media?parent=3943"}],"wp:term":[{"taxonomy":"category","embeddable":true,"href":"https:\/\/www.facet.unt.edu.ar\/sbe\/wp-json\/wp\/v2\/categories?post=3943"},{"taxonomy":"post_tag","embeddable":true,"href":"https:\/\/www.facet.unt.edu.ar\/sbe\/wp-json\/wp\/v2\/tags?post=3943"}],"curies":[{"name":"wp","href":"https:\/\/api.w.org\/{rel}","templated":true}]}}