{"id":4036,"date":"2025-02-24T13:22:36","date_gmt":"2025-02-24T16:22:36","guid":{"rendered":"https:\/\/www.facet.unt.edu.ar\/sbe\/?p=4036"},"modified":"2025-02-24T13:22:37","modified_gmt":"2025-02-24T16:22:37","slug":"ingreso-facet-prueba-de-suficiencia-en-matematicas-marzo-2025","status":"publish","type":"post","link":"https:\/\/www.facet.unt.edu.ar\/sbe\/2025\/02\/24\/ingreso-facet-prueba-de-suficiencia-en-matematicas-marzo-2025\/","title":{"rendered":"Ingreso FACET | Prueba de Suficiencia en Matem\u00e1ticas: Marzo 2025"},"content":{"rendered":"<div id=\"pl-4036\"  class=\"panel-layout\" ><div id=\"pg-4036-0\"  class=\"panel-grid panel-no-style\" ><div id=\"pgc-4036-0-0\"  class=\"panel-grid-cell\" ><div id=\"panel-4036-0-0-0\" class=\"so-panel widget widget_black-studio-tinymce widget_black_studio_tinymce panel-first-child panel-last-child\" data-index=\"0\" ><div class=\"textwidget\"><p><img class=\"aligncenter size-full wp-image-4037\" src=\"https:\/\/www.facet.unt.edu.ar\/sbe\/wp-content\/uploads\/sites\/77\/2025\/02\/INSTANCIA-PRUEBA-SUFICIENCIA-INGRESO-2025-.png\" alt=\"\" width=\"1300\" height=\"1300\" \/><\/p>\n<\/div><\/div><\/div><div id=\"pgc-4036-0-1\"  class=\"panel-grid-cell\" ><div id=\"panel-4036-0-1-0\" class=\"so-panel widget widget_sow-editor panel-first-child panel-last-child\" data-index=\"1\" ><div\n\t\t\t\n\t\t\tclass=\"so-widget-sow-editor so-widget-sow-editor-base\"\n\t\t\t\n\t\t>\n<div class=\"siteorigin-widget-tinymce textwidget\">\n\t<p style=\"text-align: justify;\">Se informa a los interesados en realizar la Prueba de Suficiencia en Matem\u00e1ticas del d\u00eda 12 de marzo \u00a0para el ingreso al cursado de carreras en la FACET en el per\u00edodo lectivo 2025, que las inscripciones se encuentran abiertas hasta el d\u00eda 9 de marzo.<\/p>\n<p style=\"text-align: justify;\">Fecha de la prueba: Mi\u00e9rcoles 12 de Marzo de 2025 \u2013 07:45 hs<\/p>\n<p style=\"text-align: justify;\">Evaluaci\u00f3n presencial integral de ejercicios pr\u00e1cticos.<\/p>\n<p style=\"text-align: justify;\">M\u00e1s informaci\u00f3n en: <a href=\"https:\/\/www.facet.unt.edu.ar\/ingreso\/pruebasuficienciamarzo2025\/\">https:\/\/www.facet.unt.edu.ar\/ingreso\/pruebasuficienciamarzo2025\/<\/a><\/p>\n<p style=\"text-align: justify;\">Ante cualquier consulta y\/o sugerencia referida al Ingreso, enviar mail a: <a href=\"mailto:ingresofacet@herrera.unt.edu.ar\">ingresofacet@herrera.unt.edu.ar<\/a><\/p>\n<\/div>\n<\/div><\/div><\/div><\/div><\/div>","protected":false},"excerpt":{"rendered":"<p>Se informa a los interesados en realizar la Prueba de Suficiencia en Matem\u00e1ticas del d\u00eda 12 de marzo \u00a0para el ingreso al cursado de carreras en la FACET en el per\u00edodo lectivo 2025, que las inscripciones se encuentran abiertas hasta el d\u00eda 9 de marzo.Fecha de la prueba: Mi\u00e9rcoles 12 de Marzo de 2025 \u2013 [&hellip;]<\/p>\n","protected":false},"author":6,"featured_media":4037,"comment_status":"closed","ping_status":"closed","sticky":false,"template":"","format":"standard","meta":[],"categories":[5],"tags":[],"_links":{"self":[{"href":"https:\/\/www.facet.unt.edu.ar\/sbe\/wp-json\/wp\/v2\/posts\/4036"}],"collection":[{"href":"https:\/\/www.facet.unt.edu.ar\/sbe\/wp-json\/wp\/v2\/posts"}],"about":[{"href":"https:\/\/www.facet.unt.edu.ar\/sbe\/wp-json\/wp\/v2\/types\/post"}],"author":[{"embeddable":true,"href":"https:\/\/www.facet.unt.edu.ar\/sbe\/wp-json\/wp\/v2\/users\/6"}],"replies":[{"embeddable":true,"href":"https:\/\/www.facet.unt.edu.ar\/sbe\/wp-json\/wp\/v2\/comments?post=4036"}],"version-history":[{"count":2,"href":"https:\/\/www.facet.unt.edu.ar\/sbe\/wp-json\/wp\/v2\/posts\/4036\/revisions"}],"predecessor-version":[{"id":4039,"href":"https:\/\/www.facet.unt.edu.ar\/sbe\/wp-json\/wp\/v2\/posts\/4036\/revisions\/4039"}],"wp:featuredmedia":[{"embeddable":true,"href":"https:\/\/www.facet.unt.edu.ar\/sbe\/wp-json\/wp\/v2\/media\/4037"}],"wp:attachment":[{"href":"https:\/\/www.facet.unt.edu.ar\/sbe\/wp-json\/wp\/v2\/media?parent=4036"}],"wp:term":[{"taxonomy":"category","embeddable":true,"href":"https:\/\/www.facet.unt.edu.ar\/sbe\/wp-json\/wp\/v2\/categories?post=4036"},{"taxonomy":"post_tag","embeddable":true,"href":"https:\/\/www.facet.unt.edu.ar\/sbe\/wp-json\/wp\/v2\/tags?post=4036"}],"curies":[{"name":"wp","href":"https:\/\/api.w.org\/{rel}","templated":true}]}}