{"id":4267,"date":"2025-03-21T21:06:27","date_gmt":"2025-03-22T00:06:27","guid":{"rendered":"https:\/\/www.facet.unt.edu.ar\/sbe\/?p=4267"},"modified":"2025-03-21T21:08:17","modified_gmt":"2025-03-22T00:08:17","slug":"convocatoria-primer-llamado-a-concursos-de-ayudantes-estudiantiles","status":"publish","type":"post","link":"https:\/\/www.facet.unt.edu.ar\/sbe\/2025\/03\/21\/convocatoria-primer-llamado-a-concursos-de-ayudantes-estudiantiles\/","title":{"rendered":"Convocatoria | Primer llamado a Concursos de Ayudantes Estudiantiles"},"content":{"rendered":"<div id=\"pl-4267\"  class=\"panel-layout\" ><div id=\"pg-4267-0\"  class=\"panel-grid panel-no-style\" ><div id=\"pgc-4267-0-0\"  class=\"panel-grid-cell\" ><div id=\"panel-4267-0-0-0\" class=\"so-panel widget widget_black-studio-tinymce widget_black_studio_tinymce panel-first-child panel-last-child\" data-index=\"0\" ><div class=\"textwidget\"><p><img class=\"aligncenter size-full wp-image-4269\" src=\"https:\/\/www.facet.unt.edu.ar\/sbe\/wp-content\/uploads\/sites\/77\/2025\/03\/llamado-a-concurso-de-ayudantes-estudiantiles.jpg\" alt=\"\" width=\"526\" height=\"526\" \/><\/p>\n<\/div><\/div><\/div><div id=\"pgc-4267-0-1\"  class=\"panel-grid-cell\" ><div id=\"panel-4267-0-1-0\" class=\"so-panel widget widget_sow-editor panel-first-child panel-last-child\" data-index=\"1\" ><div\n\t\t\t\n\t\t\tclass=\"so-widget-sow-editor so-widget-sow-editor-base\"\n\t\t\t\n\t\t>\n<div class=\"siteorigin-widget-tinymce textwidget\">\n\t<p>Informamos a todos los alumnos de la FACET sobre el primer llamado a concursos de ayudantes estudiantiles.<\/p>\n<p>Listado de materias a cubrir: <a href=\"https:\/\/www.facet.unt.edu.ar\/...\/Concursos-Ayudantes...\" target=\"_blank\" rel=\"noopener\">https:\/\/www.facet.unt.edu.ar\/...\/Concursos-Ayudantes...<\/a><\/p>\n<p>Per\u00edodo de Inscripciones: <strong>desde el lunes 7 de abril al mi\u00e9rcoles 16 de abril<\/strong>.<\/p>\n<p>Formulario de inscripci\u00f3n: <a href=\"https:\/\/forms.gle\/9i5VvhhHwqEpdmsW7\" target=\"_blank\" rel=\"noopener\">https:\/\/forms.gle\/9i5VvhhHwqEpdmsW7<\/a><\/p>\n<p>Per\u00edodo de Notificaciones de fechas de sorteos: desde el lunes 21 de abril al martes 22 de abril.<\/p>\n<p>En el formulario de inscripci\u00f3n se encuentra disponible el reglamento de ayudante estudiantil.<\/p>\n<\/div>\n<\/div><\/div><\/div><\/div><\/div>","protected":false},"excerpt":{"rendered":"<p>Informamos a todos los alumnos de la FACET sobre el primer llamado a concursos de ayudantes estudiantiles.Listado de materias a cubrir: https:\/\/www.facet.unt.edu.ar\/&#8230;\/Concursos-Ayudantes&#8230;Per\u00edodo de Inscripciones: desde el lunes 7 de abril al mi\u00e9rcoles 16 de abril.Formulario de inscripci\u00f3n: https:\/\/forms.gle\/9i5VvhhHwqEpdmsW7Per\u00edodo de Notificaciones de fechas de sorteos: desde el lunes 21 de abril al martes 22 de abril.En [&hellip;]<\/p>\n","protected":false},"author":6,"featured_media":4269,"comment_status":"closed","ping_status":"closed","sticky":false,"template":"","format":"standard","meta":[],"categories":[4],"tags":[],"_links":{"self":[{"href":"https:\/\/www.facet.unt.edu.ar\/sbe\/wp-json\/wp\/v2\/posts\/4267"}],"collection":[{"href":"https:\/\/www.facet.unt.edu.ar\/sbe\/wp-json\/wp\/v2\/posts"}],"about":[{"href":"https:\/\/www.facet.unt.edu.ar\/sbe\/wp-json\/wp\/v2\/types\/post"}],"author":[{"embeddable":true,"href":"https:\/\/www.facet.unt.edu.ar\/sbe\/wp-json\/wp\/v2\/users\/6"}],"replies":[{"embeddable":true,"href":"https:\/\/www.facet.unt.edu.ar\/sbe\/wp-json\/wp\/v2\/comments?post=4267"}],"version-history":[{"count":3,"href":"https:\/\/www.facet.unt.edu.ar\/sbe\/wp-json\/wp\/v2\/posts\/4267\/revisions"}],"predecessor-version":[{"id":4271,"href":"https:\/\/www.facet.unt.edu.ar\/sbe\/wp-json\/wp\/v2\/posts\/4267\/revisions\/4271"}],"wp:featuredmedia":[{"embeddable":true,"href":"https:\/\/www.facet.unt.edu.ar\/sbe\/wp-json\/wp\/v2\/media\/4269"}],"wp:attachment":[{"href":"https:\/\/www.facet.unt.edu.ar\/sbe\/wp-json\/wp\/v2\/media?parent=4267"}],"wp:term":[{"taxonomy":"category","embeddable":true,"href":"https:\/\/www.facet.unt.edu.ar\/sbe\/wp-json\/wp\/v2\/categories?post=4267"},{"taxonomy":"post_tag","embeddable":true,"href":"https:\/\/www.facet.unt.edu.ar\/sbe\/wp-json\/wp\/v2\/tags?post=4267"}],"curies":[{"name":"wp","href":"https:\/\/api.w.org\/{rel}","templated":true}]}}