{"id":4289,"date":"2025-04-07T11:50:42","date_gmt":"2025-04-07T14:50:42","guid":{"rendered":"https:\/\/www.facet.unt.edu.ar\/sbe\/?p=4289"},"modified":"2025-04-07T13:10:46","modified_gmt":"2025-04-07T16:10:46","slug":"convocatoria-primer-llamado-a-concursos-de-ayudantes-estudiantiles-2025","status":"publish","type":"post","link":"https:\/\/www.facet.unt.edu.ar\/sbe\/2025\/04\/07\/convocatoria-primer-llamado-a-concursos-de-ayudantes-estudiantiles-2025\/","title":{"rendered":"Convocatoria | Primer llamado a Concursos de Ayudantes Estudiantiles 2025"},"content":{"rendered":"<div id=\"pl-4289\"  class=\"panel-layout\" ><div id=\"pg-4289-0\"  class=\"panel-grid panel-no-style\" ><div id=\"pgc-4289-0-0\"  class=\"panel-grid-cell\" ><div id=\"panel-4289-0-0-0\" class=\"so-panel widget widget_black-studio-tinymce widget_black_studio_tinymce panel-first-child panel-last-child\" data-index=\"0\" ><div class=\"textwidget\"><p><img class=\"aligncenter size-full wp-image-4290\" src=\"https:\/\/www.facet.unt.edu.ar\/sbe\/wp-content\/uploads\/sites\/77\/2025\/04\/llamado-concurso-ayudante-estudiantil-primer-llamado-2025.jpg\" alt=\"\" width=\"526\" height=\"526\" \/><\/p>\n<\/div><\/div><\/div><div id=\"pgc-4289-0-1\"  class=\"panel-grid-cell\" ><div id=\"panel-4289-0-1-0\" class=\"so-panel widget widget_sow-editor panel-first-child panel-last-child\" data-index=\"1\" ><div\n\t\t\t\n\t\t\tclass=\"so-widget-sow-editor so-widget-sow-editor-base\"\n\t\t\t\n\t\t>\n<div class=\"siteorigin-widget-tinymce textwidget\">\n\t<p style=\"text-align: justify;\">A partir de hoy, lunes 7 de abril, se encuentra abierta la convocatoria del primer llamado a concursos de ayudantes estudiantiles.<\/p>\n<div class=\"x11i5rnm xat24cr x1mh8g0r x1vvkbs xtlvy1s x126k92a\" style=\"text-align: justify;\">\n<div dir=\"auto\">Listado de materias a cubrir: <a href=\"https:\/\/www.facet.unt.edu.ar\/sbe\/wp-content\/uploads\/sites\/77\/2025\/03\/Concursos-Ayudantes-Estudiantiles-1er-llamado-2025-Listado-de-materias-a-cubrir-.pdf\" target=\"_blank\" rel=\"noopener\">https:\/\/www.facet.unt.edu.ar\/sbe\/wp-content\/uploads\/sites\/77\/2025\/03\/Concursos-Ayudantes-Estudiantiles-1er-llamado-2025-Listado-de-materias-a-cubrir-.pdf<\/a><\/div>\n<div dir=\"auto\"><\/div>\n<\/div>\n<div class=\"x11i5rnm xat24cr x1mh8g0r x1vvkbs xtlvy1s x126k92a\" style=\"text-align: justify;\">\n<div dir=\"auto\">Per\u00edodo de Inscripciones: <strong>desde el<\/strong> <strong>lunes 7 de abril al mi\u00e9rcoles 16 de abril<\/strong>.<\/div>\n<div dir=\"auto\"><\/div>\n<div dir=\"auto\">Formulario de inscripci\u00f3n: <span class=\"html-span xdj266r x11i5rnm xat24cr x1mh8g0r xexx8yu x4uap5 x18d9i69 xkhd6sd x1hl2dhg x16tdsg8 x1vvkbs\"><a class=\"x1i10hfl xjbqb8w x1ejq31n xd10rxx x1sy0etr x17r0tee x972fbf xcfux6l x1qhh985 xm0m39n x9f619 x1ypdohk xt0psk2 xe8uvvx xdj266r x11i5rnm xat24cr x1mh8g0r xexx8yu x4uap5 x18d9i69 xkhd6sd x16tdsg8 x1hl2dhg xggy1nq x1a2a7pz xkrqix3 x1sur9pj x1fey0fg x1s688f\" tabindex=\"0\" role=\"link\" href=\"https:\/\/l.facebook.com\/l.php?u=https%3A%2F%2Fforms.gle%2F9i5VvhhHwqEpdmsW7%3Ffbclid%3DIwZXh0bgNhZW0CMTAAAR7KGcL6DcbVkCkyfK3WHacsQdTxjQsGViXnOxf0uIHKz-DKj6Yjzj_NgbcaxQ_aem_9agfzI8DGR1eGTGt5LhQxQ&amp;h=AT33pZMv_cE3u8F66yEt5Ab2sx4--RZ21pXek8RKr1zNt09lJRMOr3mfljMNsF9OuS7trRM1r8ohtdtMWwEEiW2fFUjNSzWSKTqtxSZkW465_VKOBwK6n7bGb91br0YV8dXLF2x_bve1MQ&amp;__tn__=-UK-R&amp;c[0]=AT0Qz1u3s0CZNgKYQ025N3VIX6AJU5sokxeGT56hhg17Kl_J71xtPVAUyCkKWNOCOgAx1AlMbrFIrGMo_1yeTYXq4E3ALrS-xRN4SaSSsEPoyBZV3I3jEaWpNG_NOeqqtr9dpwyuhTf58DwUI5HI0o0lmfMrZYgmQaz7bfYgtA2Pk2m8MKLir2sZcQXxUb6OBS-ZHyVTnFgdNFmrHTa3ZpjAHQ\" target=\"_blank\" rel=\"nofollow noopener noreferrer\">https:\/\/forms.gle\/9i5VvhhHwqEpdmsW7<\/a><\/span><\/div>\n<div dir=\"auto\"><\/div>\n<\/div>\n<div class=\"x11i5rnm xat24cr x1mh8g0r x1vvkbs xtlvy1s x126k92a\" style=\"text-align: justify;\">\n<div dir=\"auto\">Per\u00edodo de Notificaciones de fechas de sorteos: desde el lunes 21 de abril al martes 22 de abril.<\/div>\n<\/div>\n<div class=\"x11i5rnm xat24cr x1mh8g0r x1vvkbs xtlvy1s x126k92a\">\n<div dir=\"auto\" style=\"text-align: justify;\"><\/div>\n<div dir=\"auto\" style=\"text-align: justify;\">En el formulario de inscripci\u00f3n se encuentra disponible el reglamento de ayudante estudiantil.<\/div>\n<\/div>\n<div dir=\"auto\"><\/div>\n<div dir=\"auto\"><a href=\"https:\/\/www.facet.unt.edu.ar\/sbe\/wp-content\/uploads\/sites\/77\/2025\/04\/Solicitud-de-Inscripcion-a-concurso-ayudante-estudiantil.docx\" target=\"_blank\" rel=\"noopener\">Nota modelo de solicitud Inscripci\u00f3n a Concurso de Ayudante Estudiantil<\/a><\/div>\n<\/div>\n<\/div><\/div><\/div><\/div><\/div>","protected":false},"excerpt":{"rendered":"<p>A partir de hoy, lunes 7 de abril, se encuentra abierta la convocatoria del primer llamado a concursos de ayudantes estudiantiles. Listado de materias a cubrir: https:\/\/www.facet.unt.edu.ar\/sbe\/wp-content\/uploads\/sites\/77\/2025\/03\/Concursos-Ayudantes-Estudiantiles-1er-llamado-2025-Listado-de-materias-a-cubrir-.pdf Per\u00edodo de Inscripciones: desde el lunes 7 de abril al mi\u00e9rcoles 16 de abril. Formulario de inscripci\u00f3n: https:\/\/forms.gle\/9i5VvhhHwqEpdmsW7 Per\u00edodo de Notificaciones de fechas de sorteos: desde el lunes [&hellip;]<\/p>\n","protected":false},"author":6,"featured_media":4290,"comment_status":"closed","ping_status":"closed","sticky":false,"template":"","format":"standard","meta":[],"categories":[4],"tags":[],"_links":{"self":[{"href":"https:\/\/www.facet.unt.edu.ar\/sbe\/wp-json\/wp\/v2\/posts\/4289"}],"collection":[{"href":"https:\/\/www.facet.unt.edu.ar\/sbe\/wp-json\/wp\/v2\/posts"}],"about":[{"href":"https:\/\/www.facet.unt.edu.ar\/sbe\/wp-json\/wp\/v2\/types\/post"}],"author":[{"embeddable":true,"href":"https:\/\/www.facet.unt.edu.ar\/sbe\/wp-json\/wp\/v2\/users\/6"}],"replies":[{"embeddable":true,"href":"https:\/\/www.facet.unt.edu.ar\/sbe\/wp-json\/wp\/v2\/comments?post=4289"}],"version-history":[{"count":7,"href":"https:\/\/www.facet.unt.edu.ar\/sbe\/wp-json\/wp\/v2\/posts\/4289\/revisions"}],"predecessor-version":[{"id":4298,"href":"https:\/\/www.facet.unt.edu.ar\/sbe\/wp-json\/wp\/v2\/posts\/4289\/revisions\/4298"}],"wp:featuredmedia":[{"embeddable":true,"href":"https:\/\/www.facet.unt.edu.ar\/sbe\/wp-json\/wp\/v2\/media\/4290"}],"wp:attachment":[{"href":"https:\/\/www.facet.unt.edu.ar\/sbe\/wp-json\/wp\/v2\/media?parent=4289"}],"wp:term":[{"taxonomy":"category","embeddable":true,"href":"https:\/\/www.facet.unt.edu.ar\/sbe\/wp-json\/wp\/v2\/categories?post=4289"},{"taxonomy":"post_tag","embeddable":true,"href":"https:\/\/www.facet.unt.edu.ar\/sbe\/wp-json\/wp\/v2\/tags?post=4289"}],"curies":[{"name":"wp","href":"https:\/\/api.w.org\/{rel}","templated":true}]}}