{"id":4315,"date":"2025-04-09T15:25:33","date_gmt":"2025-04-09T18:25:33","guid":{"rendered":"https:\/\/www.facet.unt.edu.ar\/sbe\/?p=4315"},"modified":"2025-04-09T15:29:35","modified_gmt":"2025-04-09T18:29:35","slug":"invitacion-al-taller-no-es-magia-es-algebra-el-formalismo-que-da-vida-a-la-mecanica-cuantica","status":"publish","type":"post","link":"https:\/\/www.facet.unt.edu.ar\/sbe\/2025\/04\/09\/invitacion-al-taller-no-es-magia-es-algebra-el-formalismo-que-da-vida-a-la-mecanica-cuantica\/","title":{"rendered":"Invitaci\u00f3n al taller \u201cNo es magia, es \u00e1lgebra: el formalismo que da vida a la mec\u00e1nica cu\u00e1ntica\u201d"},"content":{"rendered":"<div id=\"pl-4315\"  class=\"panel-layout\"><div id=\"pg-4315-0\"  class=\"panel-grid panel-no-style\"><div id=\"pgc-4315-0-0\"  class=\"panel-grid-cell\"><div id=\"panel-4315-0-0-0\" class=\"so-panel widget widget_black-studio-tinymce widget_black_studio_tinymce panel-first-child panel-last-child\" data-index=\"0\"><div class=\"textwidget\"><p><img class=\"aligncenter size-full wp-image-4317\" src=\"https:\/\/www.facet.unt.edu.ar\/sbe\/wp-content\/uploads\/sites\/77\/2025\/04\/la-cuantica-va-a-las-escuelas-actividad-1-2025.jpg\" alt=\"\" width=\"2366\" height=\"2366\" \/><\/p>\n<\/div><\/div><\/div><div id=\"pgc-4315-0-1\"  class=\"panel-grid-cell\"><div id=\"panel-4315-0-1-0\" class=\"so-panel widget widget_sow-editor panel-first-child panel-last-child\" data-index=\"1\"><div\n\t\t\t\n\t\t\tclass=\"so-widget-sow-editor so-widget-sow-editor-base\">\n<div class=\"siteorigin-widget-tinymce textwidget\">\n\t<p style=\"font-weight: 400; text-align: justify;\">La Facultad de Ciencias Exactas y Tecnolog\u00eda (FACET) de la Universidad Nacional de Tucum\u00e1n en coordinaci\u00f3n con la Direcci\u00f3n de Educaci\u00f3n Superior No Universitaria llevar\u00e1 a cabo el proyecto \u201cLa Cu\u00e1ntica va a las escuelas\u201d en el marco del <em>A\u00f1o Internacional de la Ciencia y la Tecnolog\u00eda Cu\u00e1ntica (IYQ)<\/em> .<\/p>\n<p style=\"font-weight: 400; text-align: justify;\">Las actividades programadas consistir\u00e1n en la visita por parte de integrantes de la FACET a los Institutos de Educaci\u00f3n Superior, con el objetivo de acercar a los estudiantes, futuros profesores, conceptos b\u00e1sicos sobre un \u00e1rea de conocimiento que ha tenido desde su inicio un peso importante en el desarrollo tecnol\u00f3gico de la sociedad como lo es la Mec\u00e1nica Cu\u00e1ntica.<\/p><\/div><\/div><\/div><\/div><\/div><\/div><p><a class=\"more-link\" href=\"https:\/\/www.facet.unt.edu.ar\/sbe\/2025\/04\/09\/invitacion-al-taller-no-es-magia-es-algebra-el-formalismo-que-da-vida-a-la-mecanica-cuantica\/\">Leer m\u00e1s<span class=\"meta-nav\">&rarr;<\/span><\/a><\/p>","protected":false},"excerpt":{"rendered":"<p>La Facultad de Ciencias Exactas y Tecnolog\u00eda (FACET) de la Universidad Nacional de Tucum\u00e1n en coordinaci\u00f3n con la Direcci\u00f3n de Educaci\u00f3n Superior No Universitaria llevar\u00e1 a cabo el proyecto \u201cLa Cu\u00e1ntica va a las escuelas\u201d en el marco del A\u00f1o Internacional de la Ciencia y la Tecnolog\u00eda Cu\u00e1ntica (IYQ) . Las actividades programadas consistir\u00e1n en [&hellip;]<\/p>\n","protected":false},"author":6,"featured_media":4317,"comment_status":"closed","ping_status":"closed","sticky":false,"template":"","format":"standard","meta":[],"categories":[5,4],"tags":[],"_links":{"self":[{"href":"https:\/\/www.facet.unt.edu.ar\/sbe\/wp-json\/wp\/v2\/posts\/4315"}],"collection":[{"href":"https:\/\/www.facet.unt.edu.ar\/sbe\/wp-json\/wp\/v2\/posts"}],"about":[{"href":"https:\/\/www.facet.unt.edu.ar\/sbe\/wp-json\/wp\/v2\/types\/post"}],"author":[{"embeddable":true,"href":"https:\/\/www.facet.unt.edu.ar\/sbe\/wp-json\/wp\/v2\/users\/6"}],"replies":[{"embeddable":true,"href":"https:\/\/www.facet.unt.edu.ar\/sbe\/wp-json\/wp\/v2\/comments?post=4315"}],"version-history":[{"count":4,"href":"https:\/\/www.facet.unt.edu.ar\/sbe\/wp-json\/wp\/v2\/posts\/4315\/revisions"}],"predecessor-version":[{"id":4320,"href":"https:\/\/www.facet.unt.edu.ar\/sbe\/wp-json\/wp\/v2\/posts\/4315\/revisions\/4320"}],"wp:featuredmedia":[{"embeddable":true,"href":"https:\/\/www.facet.unt.edu.ar\/sbe\/wp-json\/wp\/v2\/media\/4317"}],"wp:attachment":[{"href":"https:\/\/www.facet.unt.edu.ar\/sbe\/wp-json\/wp\/v2\/media?parent=4315"}],"wp:term":[{"taxonomy":"category","embeddable":true,"href":"https:\/\/www.facet.unt.edu.ar\/sbe\/wp-json\/wp\/v2\/categories?post=4315"},{"taxonomy":"post_tag","embeddable":true,"href":"https:\/\/www.facet.unt.edu.ar\/sbe\/wp-json\/wp\/v2\/tags?post=4315"}],"curies":[{"name":"wp","href":"https:\/\/api.w.org\/{rel}","templated":true}]}}