{"id":459,"date":"2021-11-26T14:33:09","date_gmt":"2021-11-26T14:33:09","guid":{"rendered":"https:\/\/www.facet.unt.edu.ar\/sbe\/?p=459"},"modified":"2021-11-26T16:13:39","modified_gmt":"2021-11-26T16:13:39","slug":"examenes-turno-diciembre-2021-algebra-y-geometria-analitica","status":"publish","type":"post","link":"https:\/\/www.facet.unt.edu.ar\/sbe\/2021\/11\/26\/examenes-turno-diciembre-2021-algebra-y-geometria-analitica\/","title":{"rendered":"Ex\u00e1menes Turno Diciembre 2021 &#8211; \u00c1lgebra y Geometr\u00eda Anal\u00edtica"},"content":{"rendered":"<div id=\"pl-459\"  class=\"panel-layout\" ><div id=\"pg-459-0\"  class=\"panel-grid panel-no-style\" ><div id=\"pgc-459-0-0\"  class=\"panel-grid-cell\" ><div id=\"panel-459-0-0-0\" class=\"so-panel widget widget_black-studio-tinymce widget_black_studio_tinymce panel-first-child panel-last-child\" data-index=\"0\" ><div class=\"textwidget\"><p><img class=\"aligncenter size-full wp-image-460\" src=\"https:\/\/www.facet.unt.edu.ar\/sbe\/wp-content\/uploads\/sites\/77\/2021\/11\/examenes-turno-diciembre-2021.png\" alt=\"\" width=\"1300\" height=\"1300\" \/><\/p>\n<\/div><\/div><\/div><div id=\"pgc-459-0-1\"  class=\"panel-grid-cell\" ><div id=\"panel-459-0-1-0\" class=\"so-panel widget widget_sow-editor panel-first-child panel-last-child\" data-index=\"1\" ><div\n\t\t\t\n\t\t\tclass=\"so-widget-sow-editor so-widget-sow-editor-base\"\n\t\t\t\n\t\t>\n<div class=\"siteorigin-widget-tinymce textwidget\">\n\t<div class=\"o9v6fnle cxmmr5t8 oygrvhab hcukyx3x c1et5uql ii04i59q\">\n<div dir=\"auto\" style=\"text-align: justify;\">Se informa a los alumnos que las Mesas de Examen de las asignaturas \u00c1lgebra y Geometr\u00eda Anal\u00edtica (TT2) y \u00c1lgebra y Geometr\u00eda Anal\u00edtica I (TA2) se evaluar\u00e1n de la siguiente manera:<\/div>\n<div dir=\"auto\" style=\"text-align: justify;\">\u2022 Jueves 09\/12\/2021 - Presencial<\/div>\n<div dir=\"auto\" style=\"text-align: justify;\">\u2022 Jueves 16\/12\/2021 - Virtual<\/div>\n<div dir=\"auto\" style=\"text-align: justify;\">\u2022 Mi\u00e9rcoles 22\/12\/2021- Presencial<\/div>\n<\/div>\n<div class=\"o9v6fnle cxmmr5t8 oygrvhab hcukyx3x c1et5uql ii04i59q\">\n<div dir=\"auto\" style=\"text-align: justify;\">\u00a0<\/div>\n<div dir=\"auto\" style=\"text-align: justify;\">Las consultas se llevar\u00e1n a cabo los d\u00edas martes 7, 14 y 21 de diciembre, a las 10 hs, mediante el siguiente enlace: <a class=\"oajrlxb2 g5ia77u1 qu0x051f esr5mh6w e9989ue4 r7d6kgcz rq0escxv nhd2j8a9 nc684nl6 p7hjln8o kvgmc6g5 cxmmr5t8 oygrvhab hcukyx3x jb3vyjys rz4wbd8a qt6c0cv9 a8nywdso i1ao9s8h esuyzwwr f1sip0of lzcic4wl py34i1dx gpro0wi8\" tabindex=\"0\" role=\"link\" href=\"https:\/\/meet.google.com\/msg-bbxa-frv?fbclid=IwAR1x5CW2HPF0fG_wUUCHlTwtPblpv71ZHltjGfiQdSqZ15jw6boMC7gVX1o\" target=\"_blank\" rel=\"nofollow noopener\">https:\/\/meet.google.com\/msg-bbxa-frv<\/a><\/div>\n<\/div>\n<\/div>\n<\/div><\/div><\/div><\/div><\/div>","protected":false},"excerpt":{"rendered":"<p>Se informa a los alumnos que las Mesas de Examen de las asignaturas \u00c1lgebra y Geometr\u00eda Anal\u00edtica (TT2) y \u00c1lgebra y Geometr\u00eda Anal\u00edtica I (TA2) se evaluar\u00e1n de la siguiente manera:\u2022 Jueves 09\/12\/2021 &#8211; Presencial\u2022 Jueves 16\/12\/2021 &#8211; Virtual\u2022 Mi\u00e9rcoles 22\/12\/2021- Presencial\u00a0Las consultas se llevar\u00e1n a cabo los d\u00edas martes 7, 14 y 21 de [&hellip;]<\/p>\n","protected":false},"author":6,"featured_media":0,"comment_status":"closed","ping_status":"closed","sticky":false,"template":"","format":"standard","meta":[],"categories":[5],"tags":[],"_links":{"self":[{"href":"https:\/\/www.facet.unt.edu.ar\/sbe\/wp-json\/wp\/v2\/posts\/459"}],"collection":[{"href":"https:\/\/www.facet.unt.edu.ar\/sbe\/wp-json\/wp\/v2\/posts"}],"about":[{"href":"https:\/\/www.facet.unt.edu.ar\/sbe\/wp-json\/wp\/v2\/types\/post"}],"author":[{"embeddable":true,"href":"https:\/\/www.facet.unt.edu.ar\/sbe\/wp-json\/wp\/v2\/users\/6"}],"replies":[{"embeddable":true,"href":"https:\/\/www.facet.unt.edu.ar\/sbe\/wp-json\/wp\/v2\/comments?post=459"}],"version-history":[{"count":3,"href":"https:\/\/www.facet.unt.edu.ar\/sbe\/wp-json\/wp\/v2\/posts\/459\/revisions"}],"predecessor-version":[{"id":463,"href":"https:\/\/www.facet.unt.edu.ar\/sbe\/wp-json\/wp\/v2\/posts\/459\/revisions\/463"}],"wp:attachment":[{"href":"https:\/\/www.facet.unt.edu.ar\/sbe\/wp-json\/wp\/v2\/media?parent=459"}],"wp:term":[{"taxonomy":"category","embeddable":true,"href":"https:\/\/www.facet.unt.edu.ar\/sbe\/wp-json\/wp\/v2\/categories?post=459"},{"taxonomy":"post_tag","embeddable":true,"href":"https:\/\/www.facet.unt.edu.ar\/sbe\/wp-json\/wp\/v2\/tags?post=459"}],"curies":[{"name":"wp","href":"https:\/\/api.w.org\/{rel}","templated":true}]}}