{"id":4630,"date":"2025-06-25T12:42:33","date_gmt":"2025-06-25T15:42:33","guid":{"rendered":"https:\/\/www.facet.unt.edu.ar\/sbe\/?p=4630"},"modified":"2025-06-26T11:45:03","modified_gmt":"2025-06-26T14:45:03","slug":"busqueda-de-pasantes-informatica-direccion-de-estadistica-de-la-provincia-cierre-de-convocatoria-29-06","status":"publish","type":"post","link":"https:\/\/www.facet.unt.edu.ar\/sbe\/2025\/06\/25\/busqueda-de-pasantes-informatica-direccion-de-estadistica-de-la-provincia-cierre-de-convocatoria-29-06\/","title":{"rendered":"B\u00fasqueda de Pasantes Inform\u00e1tica \u2013 Direcci\u00f3n de Estad\u00edstica de la Provincia | Cierre de Convocatoria: 29\/06"},"content":{"rendered":"<div id=\"pl-4630\"  class=\"panel-layout\" ><div id=\"pg-4630-0\"  class=\"panel-grid panel-no-style\" ><div id=\"pgc-4630-0-0\"  class=\"panel-grid-cell\" ><div id=\"panel-4630-0-0-0\" class=\"so-panel widget widget_black-studio-tinymce widget_black_studio_tinymce panel-first-child panel-last-child\" data-index=\"0\" ><div class=\"textwidget\"><p><img class=\"aligncenter size-full wp-image-4631\" src=\"https:\/\/www.facet.unt.edu.ar\/sbe\/wp-content\/uploads\/sites\/77\/2025\/06\/PASANTIA-DIRECCION-DE-ESTADISTICA-PROVINCIA.png\" alt=\"\" width=\"1300\" height=\"1300\" \/><\/p>\n<\/div><\/div><\/div><div id=\"pgc-4630-0-1\"  class=\"panel-grid-cell\" ><div id=\"panel-4630-0-1-0\" class=\"so-panel widget widget_sow-editor panel-first-child panel-last-child\" data-index=\"1\" ><div\n\t\t\t\n\t\t\tclass=\"so-widget-sow-editor so-widget-sow-editor-base\"\n\t\t\t\n\t\t>\n<div class=\"siteorigin-widget-tinymce textwidget\">\n\t<p style=\"text-align: justify;\">La Direcci\u00f3n de Estad\u00edstica de la Provincia (DEP) del Gobierno de Tucum\u00e1n se encuentra en la b\u00fasqueda de alumnos de las carreras de Ingenier\u00eda en Computaci\u00f3n, Ingenier\u00eda en Inform\u00e1tica o Licenciatura en Inform\u00e1tica de la FACET, para desempe\u00f1arse como pasantes en el \u00c1rea Inform\u00e1tica de esta repartici\u00f3n.<\/p>\n<p style=\"text-align: justify;\">Horario: 20 hs semanales<\/p>\n<p style=\"text-align: justify;\">Asignaci\u00f3n Est\u00edmulo: $400.000<\/p>\n<p>Requisitos:<\/p>\n<blockquote>\n<p style=\"text-align: justify;\">Destinatarios: alumnos de las carreras de Ingenier\u00eda en Computaci\u00f3n, Ingenier\u00eda en Inform\u00e1tica o Licenciatura en inform\u00e1tica de la FACET.<br \/>Cursado: cursando 3er a\u00f1o o superior.<br \/>Conocimientos valorados:<br \/>\u2022 PHP (nivel b\u00e1sico)<br \/>\u2022 Bases de Datos (nivel b\u00e1sico)<br \/>\u2022 HTML (nivel b\u00e1sico)<br \/>\u2022 CSS (nivel b\u00e1sico)<br \/>\u2022 JavaScript(nivel b\u00e1sico)<br \/>\u2022 Bootstrap(nivel b\u00e1sico)<\/p>\n<\/blockquote>\n<p style=\"text-align: justify;\">Los interesados deben enviar su CV hasta el <strong>29 de junio de 2025<\/strong>, a <a href=\"mailto:sbe.facet@herrera.unt.edu.ar\" target=\"_blank\" rel=\"noopener\">sbe.facet@herrera.unt.edu.ar<\/a> destacando en el Asunto del mail: \u201c<strong>DEP<\/strong>\u201d. Adjuntar el CV con el formato: DNI-NombreCompleto.doc \u00f3 DNI-NombreCompleto.pdf. Ejemplo: 12345678-MarianaGarcia.pdf<\/p>\n<p style=\"text-align: justify;\">IMPORTANTE: No se recibir\u00e1n archivos de m\u00e1s de 500 KB.<\/p>\n<\/div>\n<\/div><\/div><\/div><\/div><\/div>","protected":false},"excerpt":{"rendered":"<p>La Direcci\u00f3n de Estad\u00edstica de la Provincia (DEP) del Gobierno de Tucum\u00e1n se encuentra en la b\u00fasqueda de alumnos de las carreras de Ingenier\u00eda en Computaci\u00f3n, Ingenier\u00eda en Inform\u00e1tica o Licenciatura en Inform\u00e1tica de la FACET, para desempe\u00f1arse como pasantes en el \u00c1rea Inform\u00e1tica de esta repartici\u00f3n.Horario: 20 hs semanalesAsignaci\u00f3n Est\u00edmulo: $400.000Requisitos:Destinatarios: alumnos de las [&hellip;]<\/p>\n","protected":false},"author":6,"featured_media":4631,"comment_status":"closed","ping_status":"closed","sticky":false,"template":"","format":"standard","meta":[],"categories":[7],"tags":[],"_links":{"self":[{"href":"https:\/\/www.facet.unt.edu.ar\/sbe\/wp-json\/wp\/v2\/posts\/4630"}],"collection":[{"href":"https:\/\/www.facet.unt.edu.ar\/sbe\/wp-json\/wp\/v2\/posts"}],"about":[{"href":"https:\/\/www.facet.unt.edu.ar\/sbe\/wp-json\/wp\/v2\/types\/post"}],"author":[{"embeddable":true,"href":"https:\/\/www.facet.unt.edu.ar\/sbe\/wp-json\/wp\/v2\/users\/6"}],"replies":[{"embeddable":true,"href":"https:\/\/www.facet.unt.edu.ar\/sbe\/wp-json\/wp\/v2\/comments?post=4630"}],"version-history":[{"count":4,"href":"https:\/\/www.facet.unt.edu.ar\/sbe\/wp-json\/wp\/v2\/posts\/4630\/revisions"}],"predecessor-version":[{"id":4634,"href":"https:\/\/www.facet.unt.edu.ar\/sbe\/wp-json\/wp\/v2\/posts\/4630\/revisions\/4634"}],"wp:featuredmedia":[{"embeddable":true,"href":"https:\/\/www.facet.unt.edu.ar\/sbe\/wp-json\/wp\/v2\/media\/4631"}],"wp:attachment":[{"href":"https:\/\/www.facet.unt.edu.ar\/sbe\/wp-json\/wp\/v2\/media?parent=4630"}],"wp:term":[{"taxonomy":"category","embeddable":true,"href":"https:\/\/www.facet.unt.edu.ar\/sbe\/wp-json\/wp\/v2\/categories?post=4630"},{"taxonomy":"post_tag","embeddable":true,"href":"https:\/\/www.facet.unt.edu.ar\/sbe\/wp-json\/wp\/v2\/tags?post=4630"}],"curies":[{"name":"wp","href":"https:\/\/api.w.org\/{rel}","templated":true}]}}