{"id":4664,"date":"2025-07-23T08:52:23","date_gmt":"2025-07-23T11:52:23","guid":{"rendered":"https:\/\/www.facet.unt.edu.ar\/sbe\/?p=4664"},"modified":"2025-07-23T08:52:25","modified_gmt":"2025-07-23T11:52:25","slug":"curso-aire-acondicionado-mantenimiento-y-reparacion-de-equipos-split-hasta-6000-kcal-h","status":"publish","type":"post","link":"https:\/\/www.facet.unt.edu.ar\/sbe\/2025\/07\/23\/curso-aire-acondicionado-mantenimiento-y-reparacion-de-equipos-split-hasta-6000-kcal-h\/","title":{"rendered":"Curso \u201cAire Acondicionado &#8211; Mantenimiento y Reparaci\u00f3n de Equipos Split hasta 6000 KCAL\/H\u201d"},"content":{"rendered":"<div id=\"pl-4664\"  class=\"panel-layout\" ><div id=\"pg-4664-0\"  class=\"panel-grid panel-no-style\" ><div id=\"pgc-4664-0-0\"  class=\"panel-grid-cell\" ><div id=\"panel-4664-0-0-0\" class=\"so-panel widget widget_black-studio-tinymce widget_black_studio_tinymce panel-first-child panel-last-child\" data-index=\"0\" ><div class=\"textwidget\"><p><img class=\"aligncenter size-full wp-image-4666\" src=\"https:\/\/www.facet.unt.edu.ar\/sbe\/wp-content\/uploads\/sites\/77\/2025\/07\/curso-de-aire-acondicionado-1.png\" alt=\"\" width=\"1300\" height=\"1300\" \/><\/p>\n<\/div><\/div><\/div><div id=\"pgc-4664-0-1\"  class=\"panel-grid-cell\" ><div id=\"panel-4664-0-1-0\" class=\"so-panel widget widget_sow-editor panel-first-child panel-last-child\" data-index=\"1\" ><div\n\t\t\t\n\t\t\tclass=\"so-widget-sow-editor so-widget-sow-editor-base\"\n\t\t\t\n\t\t>\n<div class=\"siteorigin-widget-tinymce textwidget\">\n\t<div class=\"x14z9mp xat24cr x1lziwak x1vvkbs xtlvy1s x126k92a\">\n<div dir=\"auto\" style=\"text-align: justify;\">El Departamento de Mec\u00e1nica de la FACET invita a los interesados a participar del Curso \u201cAire Acondicionado - Mantenimiento y Reparaci\u00f3n de Equipos Split hasta 6000 KCAL\/H\u201d que dar\u00e1 inicio el d\u00eda jueves 21 de agosto de 2025.<\/div>\n<\/div>\n<div class=\"x14z9mp xat24cr x1lziwak x1vvkbs xtlvy1s x126k92a\" style=\"text-align: justify;\">\n<div dir=\"auto\">\u00a0<\/div>\n<div dir=\"auto\">El curso, matriculado por el COPIT (Consejo Profesional de la Ingenier\u00eda de Tucum\u00e1n), est\u00e1 destinado a T\u00e9cnicos, Profesionales y a toda persona interesada.<\/div>\n<\/div>\n<div class=\"x14z9mp xat24cr x1lziwak x1vvkbs xtlvy1s x126k92a\">\n<div dir=\"auto\" style=\"text-align: justify;\">\u00a0<\/div>\n<div dir=\"auto\" style=\"text-align: justify;\">Por informes o consultas contactarse al siguiente mail <span class=\"html-span xexx8yu xyri2b x18d9i69 x1c1uobl x1hl2dhg x16tdsg8 x1vvkbs x3nfvp2 x1j61x8r x1fcty0u xdj266r xat24cr xm2jcoa x1mpyi22 xxymvpz xlup9mm x1kky2od\"><img decoding=\"async\" loading=\"lazy\" class=\"xz74otr x15mokao x1ga7v0g x16uus16 xbiv7yw\" src=\"https:\/\/static.xx.fbcdn.net\/images\/emoji.php\/v9\/t9e\/1\/16\/27a1.png\" alt=\"\u27a1\" width=\"16\" height=\"16\" \/><\/span> jcsantanas@herrera.unt.edu.ar o al celular <span class=\"html-span xexx8yu xyri2b x18d9i69 x1c1uobl x1hl2dhg x16tdsg8 x1vvkbs x3nfvp2 x1j61x8r x1fcty0u xdj266r xat24cr xm2jcoa x1mpyi22 xxymvpz xlup9mm x1kky2od\"><img decoding=\"async\" loading=\"lazy\" class=\"xz74otr x15mokao x1ga7v0g x16uus16 xbiv7yw\" src=\"https:\/\/static.xx.fbcdn.net\/images\/emoji.php\/v9\/t9e\/1\/16\/27a1.png\" alt=\"\u27a1\" width=\"16\" height=\"16\" \/><\/span> 3816319434.<\/div>\n<div dir=\"auto\"><img decoding=\"async\" loading=\"lazy\" class=\"aligncenter  wp-image-4665\" src=\"https:\/\/www.facet.unt.edu.ar\/sbe\/wp-content\/uploads\/sites\/77\/2025\/07\/curso-de-aire-acondicionado-2.png\" alt=\"\" width=\"567\" height=\"567\" \/><\/div>\n<\/div>\n<\/div>\n<\/div><\/div><\/div><\/div><\/div>","protected":false},"excerpt":{"rendered":"<p>El Departamento de Mec\u00e1nica de la FACET invita a los interesados a participar del Curso \u201cAire Acondicionado &#8211; Mantenimiento y Reparaci\u00f3n de Equipos Split hasta 6000 KCAL\/H\u201d que dar\u00e1 inicio el d\u00eda jueves 21 de agosto de 2025.\u00a0El curso, matriculado por el COPIT (Consejo Profesional de la Ingenier\u00eda de Tucum\u00e1n), est\u00e1 destinado a T\u00e9cnicos, Profesionales [&hellip;]<\/p>\n","protected":false},"author":6,"featured_media":4666,"comment_status":"closed","ping_status":"closed","sticky":false,"template":"","format":"standard","meta":[],"categories":[4],"tags":[],"_links":{"self":[{"href":"https:\/\/www.facet.unt.edu.ar\/sbe\/wp-json\/wp\/v2\/posts\/4664"}],"collection":[{"href":"https:\/\/www.facet.unt.edu.ar\/sbe\/wp-json\/wp\/v2\/posts"}],"about":[{"href":"https:\/\/www.facet.unt.edu.ar\/sbe\/wp-json\/wp\/v2\/types\/post"}],"author":[{"embeddable":true,"href":"https:\/\/www.facet.unt.edu.ar\/sbe\/wp-json\/wp\/v2\/users\/6"}],"replies":[{"embeddable":true,"href":"https:\/\/www.facet.unt.edu.ar\/sbe\/wp-json\/wp\/v2\/comments?post=4664"}],"version-history":[{"count":1,"href":"https:\/\/www.facet.unt.edu.ar\/sbe\/wp-json\/wp\/v2\/posts\/4664\/revisions"}],"predecessor-version":[{"id":4667,"href":"https:\/\/www.facet.unt.edu.ar\/sbe\/wp-json\/wp\/v2\/posts\/4664\/revisions\/4667"}],"wp:featuredmedia":[{"embeddable":true,"href":"https:\/\/www.facet.unt.edu.ar\/sbe\/wp-json\/wp\/v2\/media\/4666"}],"wp:attachment":[{"href":"https:\/\/www.facet.unt.edu.ar\/sbe\/wp-json\/wp\/v2\/media?parent=4664"}],"wp:term":[{"taxonomy":"category","embeddable":true,"href":"https:\/\/www.facet.unt.edu.ar\/sbe\/wp-json\/wp\/v2\/categories?post=4664"},{"taxonomy":"post_tag","embeddable":true,"href":"https:\/\/www.facet.unt.edu.ar\/sbe\/wp-json\/wp\/v2\/tags?post=4664"}],"curies":[{"name":"wp","href":"https:\/\/api.w.org\/{rel}","templated":true}]}}