{"id":4776,"date":"2025-09-15T13:19:36","date_gmt":"2025-09-15T16:19:36","guid":{"rendered":"https:\/\/www.facet.unt.edu.ar\/sbe\/?p=4776"},"modified":"2025-09-15T13:19:37","modified_gmt":"2025-09-15T16:19:37","slug":"invitacion-al-taller-mecanica-cuantica-por-que-y-para-que","status":"publish","type":"post","link":"https:\/\/www.facet.unt.edu.ar\/sbe\/2025\/09\/15\/invitacion-al-taller-mecanica-cuantica-por-que-y-para-que\/","title":{"rendered":"Invitaci\u00f3n al taller \u201cMec\u00e1nica Cu\u00e1ntica: \u00bfPor qu\u00e9 y para qu\u00e9?\u201d"},"content":{"rendered":"<div id=\"pl-4776\"  class=\"panel-layout\" ><div id=\"pg-4776-0\"  class=\"panel-grid panel-no-style\" ><div id=\"pgc-4776-0-0\"  class=\"panel-grid-cell\" ><div id=\"panel-4776-0-0-0\" class=\"so-panel widget widget_black-studio-tinymce widget_black_studio_tinymce panel-first-child panel-last-child\" data-index=\"0\" ><div class=\"textwidget\"><p><img class=\"aligncenter size-full wp-image-4777\" src=\"https:\/\/www.facet.unt.edu.ar\/sbe\/wp-content\/uploads\/sites\/77\/2025\/09\/cuantica-borgazzi-7mo-taller.png\" alt=\"\" width=\"2366\" height=\"2366\" \/><\/p>\n<\/div><\/div><\/div><div id=\"pgc-4776-0-1\"  class=\"panel-grid-cell\" ><div id=\"panel-4776-0-1-0\" class=\"so-panel widget widget_sow-editor panel-first-child panel-last-child\" data-index=\"1\" ><div\n\t\t\t\n\t\t\tclass=\"so-widget-sow-editor so-widget-sow-editor-base\"\n\t\t\t\n\t\t>\n<div class=\"siteorigin-widget-tinymce textwidget\">\n\t<p style=\"text-align: justify;\">La C\u00e1tedra de Mec\u00e1nica Cu\u00e1ntica I y II de la FACET y el Equipo pedag\u00f3gico de la Direcci\u00f3n de Educaci\u00f3n Superior del Ministerio de Educaci\u00f3n Tucum\u00e1n invitan a la comunidad universitaria a participar de la s\u00e9ptima actividad programada dentro del proyecto \u201cLa Cu\u00e1ntica va a las escuelas\u201d en el marco del A\u00f1o Internacional de la Ciencia y la Tecnolog\u00eda Cu\u00e1ntica (IYQ).<\/p>\n<p style=\"text-align: justify;\">Esta actividad consistir\u00e1 en un taller sobre \u201c<strong>Mec\u00e1nica Cu\u00e1ntica: \u00bfPor qu\u00e9 y para qu\u00e9?<\/strong>\u201d, a cargo de la <strong>Dra. Andrea Borgazzi<\/strong>, que se llevar\u00e1 a cabo el d\u00eda <strong>martes 23 de septiembre<\/strong>, de <strong>19:30 hs<\/strong>, en la Escuela T\u00e9cnica N\u00ba 3, Juan B. Ter\u00e1n, Av. Bartolom\u00e9 Mitre 746, San Miguel de Tucum\u00e1n.<\/p>\n<p style=\"text-align: justify;\">El objetivo de estas actividades es acercar a los estudiantes, futuros profesores, conceptos b\u00e1sicos sobre un \u00e1rea de conocimiento que ha tenido desde su inicio un peso importante en el desarrollo tecnol\u00f3gico de la sociedad como lo es la Mec\u00e1nica Cu\u00e1ntica.<\/p>\n<\/div>\n<\/div><\/div><\/div><\/div><\/div>","protected":false},"excerpt":{"rendered":"<p>La C\u00e1tedra de Mec\u00e1nica Cu\u00e1ntica I y II de la FACET y el Equipo pedag\u00f3gico de la Direcci\u00f3n de Educaci\u00f3n Superior del Ministerio de Educaci\u00f3n Tucum\u00e1n invitan a la comunidad universitaria a participar de la s\u00e9ptima actividad programada dentro del proyecto \u201cLa Cu\u00e1ntica va a las escuelas\u201d en el marco del A\u00f1o Internacional de la [&hellip;]<\/p>\n","protected":false},"author":6,"featured_media":4777,"comment_status":"closed","ping_status":"closed","sticky":false,"template":"","format":"standard","meta":[],"categories":[4],"tags":[],"_links":{"self":[{"href":"https:\/\/www.facet.unt.edu.ar\/sbe\/wp-json\/wp\/v2\/posts\/4776"}],"collection":[{"href":"https:\/\/www.facet.unt.edu.ar\/sbe\/wp-json\/wp\/v2\/posts"}],"about":[{"href":"https:\/\/www.facet.unt.edu.ar\/sbe\/wp-json\/wp\/v2\/types\/post"}],"author":[{"embeddable":true,"href":"https:\/\/www.facet.unt.edu.ar\/sbe\/wp-json\/wp\/v2\/users\/6"}],"replies":[{"embeddable":true,"href":"https:\/\/www.facet.unt.edu.ar\/sbe\/wp-json\/wp\/v2\/comments?post=4776"}],"version-history":[{"count":2,"href":"https:\/\/www.facet.unt.edu.ar\/sbe\/wp-json\/wp\/v2\/posts\/4776\/revisions"}],"predecessor-version":[{"id":4779,"href":"https:\/\/www.facet.unt.edu.ar\/sbe\/wp-json\/wp\/v2\/posts\/4776\/revisions\/4779"}],"wp:featuredmedia":[{"embeddable":true,"href":"https:\/\/www.facet.unt.edu.ar\/sbe\/wp-json\/wp\/v2\/media\/4777"}],"wp:attachment":[{"href":"https:\/\/www.facet.unt.edu.ar\/sbe\/wp-json\/wp\/v2\/media?parent=4776"}],"wp:term":[{"taxonomy":"category","embeddable":true,"href":"https:\/\/www.facet.unt.edu.ar\/sbe\/wp-json\/wp\/v2\/categories?post=4776"},{"taxonomy":"post_tag","embeddable":true,"href":"https:\/\/www.facet.unt.edu.ar\/sbe\/wp-json\/wp\/v2\/tags?post=4776"}],"curies":[{"name":"wp","href":"https:\/\/api.w.org\/{rel}","templated":true}]}}