{"id":4828,"date":"2025-10-14T23:21:30","date_gmt":"2025-10-15T02:21:30","guid":{"rendered":"https:\/\/www.facet.unt.edu.ar\/sbe\/?p=4828"},"modified":"2025-10-17T09:26:12","modified_gmt":"2025-10-17T12:26:12","slug":"invitacion-a-visita-al-primer-campus-ambiental-argentino-actividad-gratuita","status":"publish","type":"post","link":"https:\/\/www.facet.unt.edu.ar\/sbe\/2025\/10\/14\/invitacion-a-visita-al-primer-campus-ambiental-argentino-actividad-gratuita\/","title":{"rendered":"Invitaci\u00f3n a Visita al Primer Campus Ambiental Argentino &#8211; Actividad gratuita"},"content":{"rendered":"<div id=\"pl-4828\"  class=\"panel-layout\"><div id=\"pg-4828-0\"  class=\"panel-grid panel-no-style\"><div id=\"pgc-4828-0-0\"  class=\"panel-grid-cell\"><div id=\"panel-4828-0-0-0\" class=\"so-panel widget widget_black-studio-tinymce widget_black_studio_tinymce panel-first-child panel-last-child\" data-index=\"0\"><div class=\"textwidget\"><p><img class=\"aligncenter size-full wp-image-4829\" src=\"https:\/\/www.facet.unt.edu.ar\/sbe\/wp-content\/uploads\/sites\/77\/2025\/10\/VISITA-AL-CAMPUS-AMBIENTAL-ARGENTINO.jpg\" alt=\"\" width=\"1300\" height=\"1300\" \/><\/p>\n<\/div><\/div><\/div><div id=\"pgc-4828-0-1\"  class=\"panel-grid-cell\"><div id=\"panel-4828-0-1-0\" class=\"so-panel widget widget_sow-editor panel-first-child panel-last-child\" data-index=\"1\"><div\n\t\t\t\n\t\t\tclass=\"so-widget-sow-editor so-widget-sow-editor-base\">\n<div class=\"siteorigin-widget-tinymce textwidget\">\n\t<p style=\"text-align: justify;\">Se invita a los estudiantes de la FACET a realizar una visita al Campus Educativo Ambiental \u201cDra. Yolanda Ortiz\u201d que se llevar\u00e1 a cabo este jueves 16 de octubre.<\/p>\n<p style=\"text-align: justify;\">El Campus Ambiental Argentino constituye el primer espacio educativo en Argentina concebido exclusivamente para la formaci\u00f3n ambiental integral. Su propuesta pedag\u00f3gica se sustenta en la integraci\u00f3n de la teor\u00eda con la pr\u00e1ctica, permitiendo que cada visitante aprenda, experimente y aplique conocimientos desde una mirada cr\u00edtica y participativa. Asimismo, procura formar agentes multiplicadores de cambio capaces de llevar lo aprendido a sus entornos locales; impulsar la econom\u00eda circular a trav\u00e9s de h\u00e1bitos de reducci\u00f3n, reutilizaci\u00f3n y reciclaje; y fomentar la participaci\u00f3n ciudadana como motor de soluciones colectivas.<\/p>\n<p style=\"text-align: justify;\">El Campus tambi\u00e9n se propone acercar la ciencia, la tecnolog\u00eda y la innovaci\u00f3n a la vida cotidiana, fortaleciendo la conciencia sobre la biodiversidad y el cambio clim\u00e1tico, al mismo tiempo que promueve experiencias pr\u00e1cticas \u2014como huertas, talleres y estaciones interactivas\u2014 para transformar la teor\u00eda en acci\u00f3n.<\/p><\/div><\/div><\/div><\/div><\/div><\/div><p><a class=\"more-link\" href=\"https:\/\/www.facet.unt.edu.ar\/sbe\/2025\/10\/14\/invitacion-a-visita-al-primer-campus-ambiental-argentino-actividad-gratuita\/\">Leer m\u00e1s<span class=\"meta-nav\">&rarr;<\/span><\/a><\/p>","protected":false},"excerpt":{"rendered":"<p>Se invita a los estudiantes de la FACET a realizar una visita al Campus Educativo Ambiental \u201cDra. Yolanda Ortiz\u201d que se llevar\u00e1 a cabo este jueves 16 de octubre.El Campus Ambiental Argentino constituye el primer espacio educativo en Argentina concebido exclusivamente para la formaci\u00f3n ambiental integral. Su propuesta pedag\u00f3gica se sustenta en la integraci\u00f3n de [&hellip;]<\/p>\n","protected":false},"author":6,"featured_media":4829,"comment_status":"closed","ping_status":"closed","sticky":false,"template":"","format":"standard","meta":[],"categories":[4],"tags":[],"_links":{"self":[{"href":"https:\/\/www.facet.unt.edu.ar\/sbe\/wp-json\/wp\/v2\/posts\/4828"}],"collection":[{"href":"https:\/\/www.facet.unt.edu.ar\/sbe\/wp-json\/wp\/v2\/posts"}],"about":[{"href":"https:\/\/www.facet.unt.edu.ar\/sbe\/wp-json\/wp\/v2\/types\/post"}],"author":[{"embeddable":true,"href":"https:\/\/www.facet.unt.edu.ar\/sbe\/wp-json\/wp\/v2\/users\/6"}],"replies":[{"embeddable":true,"href":"https:\/\/www.facet.unt.edu.ar\/sbe\/wp-json\/wp\/v2\/comments?post=4828"}],"version-history":[{"count":3,"href":"https:\/\/www.facet.unt.edu.ar\/sbe\/wp-json\/wp\/v2\/posts\/4828\/revisions"}],"predecessor-version":[{"id":4831,"href":"https:\/\/www.facet.unt.edu.ar\/sbe\/wp-json\/wp\/v2\/posts\/4828\/revisions\/4831"}],"wp:featuredmedia":[{"embeddable":true,"href":"https:\/\/www.facet.unt.edu.ar\/sbe\/wp-json\/wp\/v2\/media\/4829"}],"wp:attachment":[{"href":"https:\/\/www.facet.unt.edu.ar\/sbe\/wp-json\/wp\/v2\/media?parent=4828"}],"wp:term":[{"taxonomy":"category","embeddable":true,"href":"https:\/\/www.facet.unt.edu.ar\/sbe\/wp-json\/wp\/v2\/categories?post=4828"},{"taxonomy":"post_tag","embeddable":true,"href":"https:\/\/www.facet.unt.edu.ar\/sbe\/wp-json\/wp\/v2\/tags?post=4828"}],"curies":[{"name":"wp","href":"https:\/\/api.w.org\/{rel}","templated":true}]}}