{"id":4912,"date":"2025-12-08T11:52:19","date_gmt":"2025-12-08T14:52:19","guid":{"rendered":"https:\/\/www.facet.unt.edu.ar\/sbe\/?p=4912"},"modified":"2025-12-08T11:54:36","modified_gmt":"2025-12-08T14:54:36","slug":"invitacion-al-tercer-acto-de-colacion-facet-2025","status":"publish","type":"post","link":"https:\/\/www.facet.unt.edu.ar\/sbe\/2025\/12\/08\/invitacion-al-tercer-acto-de-colacion-facet-2025\/","title":{"rendered":"Invitaci\u00f3n al Tercer Acto de Colaci\u00f3n FACET 2025"},"content":{"rendered":"<div id=\"pl-4912\"  class=\"panel-layout\" ><div id=\"pg-4912-0\"  class=\"panel-grid panel-no-style\" ><div id=\"pgc-4912-0-0\"  class=\"panel-grid-cell\" ><div id=\"panel-4912-0-0-0\" class=\"so-panel widget widget_black-studio-tinymce widget_black_studio_tinymce panel-first-child panel-last-child\" data-index=\"0\" ><div class=\"textwidget\"><p><img class=\"aligncenter size-full wp-image-4913\" src=\"https:\/\/www.facet.unt.edu.ar\/sbe\/wp-content\/uploads\/sites\/77\/2025\/12\/TERCERA-COLACION-FACET-2025.png\" alt=\"\" width=\"1300\" height=\"1300\" \/><\/p>\n<\/div><\/div><\/div><div id=\"pgc-4912-0-1\"  class=\"panel-grid-cell\" ><div id=\"panel-4912-0-1-0\" class=\"so-panel widget widget_sow-editor panel-first-child panel-last-child\" data-index=\"1\" ><div\n\t\t\t\n\t\t\tclass=\"so-widget-sow-editor so-widget-sow-editor-base\"\n\t\t\t\n\t\t>\n<div class=\"siteorigin-widget-tinymce textwidget\">\n\t<p style=\"text-align: justify;\">Invitamos a la comunidad universitaria al tercer Acto de Colaci\u00f3n de Grado y Pregrado del a\u00f1o que se realizar\u00e1 este martes 9 de diciembre, a las 09:00 hs, en el Anfiteatro A1 de esta facultad.<\/p>\n<p style=\"text-align: justify;\">Durante la misma se entregar\u00e1n 53 t\u00edtulos de grado y pregrado. Al listado de graduados se lo puede ver accediendo al siguiente link: <a href=\"https:\/\/www.facet.unt.edu.ar\/sbe\/wp-content\/uploads\/sites\/77\/2025\/12\/Colacion-FACET-09_12_25.png\" target=\"_blank\" rel=\"noopener\">https:\/\/www.facet.unt.edu.ar\/sbe\/wp-content\/uploads\/sites\/77\/2025\/12\/Colacion-FACET-09_12_25.png<\/a><\/p>\n<p style=\"text-align: justify;\">En esta oportunidad tambi\u00e9n se har\u00e1 entrega de un reconocimiento a los siguientes alumnos y graduados beneficiarios de la <em>Beca Est\u00edmulo a las Vocaciones Cient\u00edficas \"EVC-CIN<\/em>\", otorgada por el Consejo Interuniversitario Nacional:<br \/>\n\u2022 Arredondo, Gast\u00f3n Pablo Evaristo - alumno de Ing. Qu\u00edmica<br \/>\n\u2022 Canuto Danert, Rodrigo Jes\u00fas - graduado de Ing. Electr\u00f3nica<br \/>\n\u2022 Donaire Pereyra, Florencia Yazm\u00edn - graduada de Lic. en F\u00edsica y de la Tec. Universitaria en F\u00edsica<br \/>\n\u2022 Dur\u00e1n, Mar\u00eda Valentina - alumna de Ing. Qu\u00edmica<br \/>\n\u2022 Macias, Maria del Carmen - alumna de Ing. Biom\u00e9dica<br \/>\n\u2022 Victoria, Lourdes Mariana Abigail - alumna de Lic. en F\u00edsica y graduada de la Tec. Universitaria en F\u00edsica<\/p>\n<p style=\"text-align: justify;\">\u00a1Los esperamos!<\/p>\n<\/div>\n<\/div><\/div><\/div><\/div><\/div>","protected":false},"excerpt":{"rendered":"<p>Invitamos a la comunidad universitaria al tercer Acto de Colaci\u00f3n de Grado y Pregrado del a\u00f1o que se realizar\u00e1 este martes 9 de diciembre, a las 09:00 hs, en el Anfiteatro A1 de esta facultad. Durante la misma se entregar\u00e1n 53 t\u00edtulos de grado y pregrado. Al listado de graduados se lo puede ver accediendo [&hellip;]<\/p>\n","protected":false},"author":6,"featured_media":4913,"comment_status":"closed","ping_status":"closed","sticky":false,"template":"","format":"standard","meta":[],"categories":[4],"tags":[],"_links":{"self":[{"href":"https:\/\/www.facet.unt.edu.ar\/sbe\/wp-json\/wp\/v2\/posts\/4912"}],"collection":[{"href":"https:\/\/www.facet.unt.edu.ar\/sbe\/wp-json\/wp\/v2\/posts"}],"about":[{"href":"https:\/\/www.facet.unt.edu.ar\/sbe\/wp-json\/wp\/v2\/types\/post"}],"author":[{"embeddable":true,"href":"https:\/\/www.facet.unt.edu.ar\/sbe\/wp-json\/wp\/v2\/users\/6"}],"replies":[{"embeddable":true,"href":"https:\/\/www.facet.unt.edu.ar\/sbe\/wp-json\/wp\/v2\/comments?post=4912"}],"version-history":[{"count":3,"href":"https:\/\/www.facet.unt.edu.ar\/sbe\/wp-json\/wp\/v2\/posts\/4912\/revisions"}],"predecessor-version":[{"id":4915,"href":"https:\/\/www.facet.unt.edu.ar\/sbe\/wp-json\/wp\/v2\/posts\/4912\/revisions\/4915"}],"wp:featuredmedia":[{"embeddable":true,"href":"https:\/\/www.facet.unt.edu.ar\/sbe\/wp-json\/wp\/v2\/media\/4913"}],"wp:attachment":[{"href":"https:\/\/www.facet.unt.edu.ar\/sbe\/wp-json\/wp\/v2\/media?parent=4912"}],"wp:term":[{"taxonomy":"category","embeddable":true,"href":"https:\/\/www.facet.unt.edu.ar\/sbe\/wp-json\/wp\/v2\/categories?post=4912"},{"taxonomy":"post_tag","embeddable":true,"href":"https:\/\/www.facet.unt.edu.ar\/sbe\/wp-json\/wp\/v2\/tags?post=4912"}],"curies":[{"name":"wp","href":"https:\/\/api.w.org\/{rel}","templated":true}]}}