{"id":5165,"date":"2026-04-30T12:48:03","date_gmt":"2026-04-30T15:48:03","guid":{"rendered":"https:\/\/www.facet.unt.edu.ar\/sbe\/?p=5165"},"modified":"2026-04-30T12:49:07","modified_gmt":"2026-04-30T15:49:07","slug":"busqueda-laboral-industrial-responsable-de-deposito-y-gestion-de-calidad","status":"publish","type":"post","link":"https:\/\/www.facet.unt.edu.ar\/sbe\/2026\/04\/30\/busqueda-laboral-industrial-responsable-de-deposito-y-gestion-de-calidad\/","title":{"rendered":"B\u00fasqueda Laboral Industrial &#8211; Responsable de Dep\u00f3sito y Gesti\u00f3n de Calidad"},"content":{"rendered":"<div id=\"pl-5165\"  class=\"panel-layout\" ><div id=\"pg-5165-0\"  class=\"panel-grid panel-no-style\" ><div id=\"pgc-5165-0-0\"  class=\"panel-grid-cell\" ><div id=\"panel-5165-0-0-0\" class=\"so-panel widget widget_black-studio-tinymce widget_black_studio_tinymce panel-first-child panel-last-child\" data-index=\"0\" ><div class=\"textwidget\"><p><img class=\"aligncenter size-full wp-image-5167\" src=\"https:\/\/www.facet.unt.edu.ar\/sbe\/wp-content\/uploads\/sites\/77\/2026\/04\/BUSQUEDA-LABORAL-LINCE-INDUSTRIAL.png\" alt=\"\" width=\"1300\" height=\"1300\" \/><\/p>\n<\/div><\/div><\/div><div id=\"pgc-5165-0-1\"  class=\"panel-grid-cell\" ><div id=\"panel-5165-0-1-0\" class=\"so-panel widget widget_sow-editor panel-first-child panel-last-child\" data-index=\"1\" ><div\n\t\t\t\n\t\t\tclass=\"so-widget-sow-editor so-widget-sow-editor-base\"\n\t\t\t\n\t\t>\n<div class=\"siteorigin-widget-tinymce textwidget\">\n\t<p style=\"text-align: justify;\">Empresa industrial incorpora Responsable de Dep\u00f3sito y Gesti\u00f3n de Calidad.<\/p>\n<p style=\"text-align: justify;\">Sus funciones incluyen: control de stock de materias primas y producto terminado, responsable de despachos de mercader\u00eda, preparaci\u00f3n de muestras para laboratorio, seguimiento interno de la gesti\u00f3n de normas ISO 9000 y el control de registros de efluentes, solicitud de pedidos de mercader\u00edas e insumos articulando con el \u00e1rea de compras.<\/p>\n<p style=\"text-align: justify;\">Tendr\u00e1 a cargo el personal de dep\u00f3sito.<\/p>\n<p style=\"text-align: justify;\">Se valorar\u00e1 formaci\u00f3n universitaria en Ingenier\u00eda Industrial, Log\u00edstica, Administraci\u00f3n o afines.<\/p>\n<p style=\"text-align: justify;\">Perfil ordenado, proactivo, con capacidad de liderazgo y enfoque en mejora continua.<\/p>\n<p style=\"text-align: justify;\">Experiencia en entornos industriales ser\u00e1 un plus.<\/p>\n<p style=\"text-align: justify;\">Los interesados enviar su CV al correo electr\u00f3nico: <a href=\"mailto:marcosoliva_07@hotmail.com.ar\" target=\"_blank\" rel=\"noopener\">marcosoliva_07@hotmail.com.ar<\/a>, indicando en el asunto del mail: Responsable de Dep\u00f3sito y Gesti\u00f3n de Calidad.<\/p>\n<\/div>\n<\/div><\/div><\/div><\/div><\/div>","protected":false},"excerpt":{"rendered":"<p>Empresa industrial incorpora Responsable de Dep\u00f3sito y Gesti\u00f3n de Calidad.Sus funciones incluyen: control de stock de materias primas y producto terminado, responsable de despachos de mercader\u00eda, preparaci\u00f3n de muestras para laboratorio, seguimiento interno de la gesti\u00f3n de normas ISO 9000 y el control de registros de efluentes, solicitud de pedidos de mercader\u00edas e insumos articulando [&hellip;]<\/p>\n","protected":false},"author":6,"featured_media":5167,"comment_status":"closed","ping_status":"closed","sticky":false,"template":"","format":"standard","meta":[],"categories":[8],"tags":[],"_links":{"self":[{"href":"https:\/\/www.facet.unt.edu.ar\/sbe\/wp-json\/wp\/v2\/posts\/5165"}],"collection":[{"href":"https:\/\/www.facet.unt.edu.ar\/sbe\/wp-json\/wp\/v2\/posts"}],"about":[{"href":"https:\/\/www.facet.unt.edu.ar\/sbe\/wp-json\/wp\/v2\/types\/post"}],"author":[{"embeddable":true,"href":"https:\/\/www.facet.unt.edu.ar\/sbe\/wp-json\/wp\/v2\/users\/6"}],"replies":[{"embeddable":true,"href":"https:\/\/www.facet.unt.edu.ar\/sbe\/wp-json\/wp\/v2\/comments?post=5165"}],"version-history":[{"count":2,"href":"https:\/\/www.facet.unt.edu.ar\/sbe\/wp-json\/wp\/v2\/posts\/5165\/revisions"}],"predecessor-version":[{"id":5168,"href":"https:\/\/www.facet.unt.edu.ar\/sbe\/wp-json\/wp\/v2\/posts\/5165\/revisions\/5168"}],"wp:featuredmedia":[{"embeddable":true,"href":"https:\/\/www.facet.unt.edu.ar\/sbe\/wp-json\/wp\/v2\/media\/5167"}],"wp:attachment":[{"href":"https:\/\/www.facet.unt.edu.ar\/sbe\/wp-json\/wp\/v2\/media?parent=5165"}],"wp:term":[{"taxonomy":"category","embeddable":true,"href":"https:\/\/www.facet.unt.edu.ar\/sbe\/wp-json\/wp\/v2\/categories?post=5165"},{"taxonomy":"post_tag","embeddable":true,"href":"https:\/\/www.facet.unt.edu.ar\/sbe\/wp-json\/wp\/v2\/tags?post=5165"}],"curies":[{"name":"wp","href":"https:\/\/api.w.org\/{rel}","templated":true}]}}