{"id":525,"date":"2021-12-13T14:14:31","date_gmt":"2021-12-13T14:14:31","guid":{"rendered":"https:\/\/www.facet.unt.edu.ar\/sbe\/?p=525"},"modified":"2021-12-13T14:14:32","modified_gmt":"2021-12-13T14:14:32","slug":"consulta-examen-de-algebra-y-geometria-analitica-turno-diciembre","status":"publish","type":"post","link":"https:\/\/www.facet.unt.edu.ar\/sbe\/2021\/12\/13\/consulta-examen-de-algebra-y-geometria-analitica-turno-diciembre\/","title":{"rendered":"Consulta Examen de \u00c1lgebra y Geometr\u00eda Anal\u00edtica Turno Diciembre"},"content":{"rendered":"<div id=\"pl-525\"  class=\"panel-layout\" ><div id=\"pg-525-0\"  class=\"panel-grid panel-no-style\" ><div id=\"pgc-525-0-0\"  class=\"panel-grid-cell\" ><div id=\"panel-525-0-0-0\" class=\"so-panel widget widget_black-studio-tinymce widget_black_studio_tinymce panel-first-child panel-last-child\" data-index=\"0\" ><div class=\"textwidget\"><p><img class=\"aligncenter size-full wp-image-526\" src=\"https:\/\/www.facet.unt.edu.ar\/sbe\/wp-content\/uploads\/sites\/77\/2021\/12\/CONSULTA-EXAMEN-ALGEBRA-Y-GEOMETRIA-ANALITICA.png\" alt=\"\" width=\"1300\" height=\"1300\" \/><\/p>\n<\/div><\/div><\/div><div id=\"pgc-525-0-1\"  class=\"panel-grid-cell\" ><div id=\"panel-525-0-1-0\" class=\"so-panel widget widget_sow-editor panel-first-child panel-last-child\" data-index=\"1\" ><div\n\t\t\t\n\t\t\tclass=\"so-widget-sow-editor so-widget-sow-editor-base\"\n\t\t\t\n\t\t>\n<div class=\"siteorigin-widget-tinymce textwidget\">\n\t<div class=\"cxmmr5t8 oygrvhab hcukyx3x c1et5uql o9v6fnle ii04i59q\">\n<div dir=\"auto\" style=\"text-align: justify;\">Se recuerda a los alumnos que la Mesa de Examen de las asignaturas \u00c1lgebra y Geometr\u00eda Anal\u00edtica (TT2) y \u00c1lgebra y Geometr\u00eda Anal\u00edtica I (TA2) del d\u00eda 16 de diciembre, se evaluar\u00e1 de forma virtual.<\/div>\n<\/div>\n<div class=\"cxmmr5t8 oygrvhab hcukyx3x c1et5uql o9v6fnle ii04i59q\" style=\"text-align: justify;\">\n<div dir=\"auto\">\u00a0<\/div>\n<div dir=\"auto\">La consulta para dicho examen se llevar\u00e1 a cabo el d\u00eda martes 14 de diciembre, en el horario de 10:00 a 12:00, mediante el siguiente enlace: <a class=\"oajrlxb2 g5ia77u1 qu0x051f esr5mh6w e9989ue4 r7d6kgcz rq0escxv nhd2j8a9 nc684nl6 p7hjln8o kvgmc6g5 cxmmr5t8 oygrvhab hcukyx3x jb3vyjys rz4wbd8a qt6c0cv9 a8nywdso i1ao9s8h esuyzwwr f1sip0of lzcic4wl gpro0wi8 py34i1dx\" tabindex=\"0\" role=\"link\" href=\"https:\/\/meet.google.com\/msg-bbxa-frv?fbclid=IwAR24dl-1FzpXOHTFRwT1IcWeLrLY8KIG6pZPOaMGOSY4CH_MZ-ph3Gn2iS0\" target=\"_blank\" rel=\"nofollow noopener\">https:\/\/meet.google.com\/msg-bbxa-frv<\/a><\/div>\n<\/div>\n<div class=\"cxmmr5t8 oygrvhab hcukyx3x c1et5uql o9v6fnle ii04i59q\">\n<div dir=\"auto\" style=\"text-align: justify;\">\u00a0<\/div>\n<div dir=\"auto\" style=\"text-align: justify;\">El protocolo que se aplicar\u00e1 para la mesa virtual ser\u00e1 el siguiente: <a href=\"https:\/\/www.facet.unt.edu.ar\/sbe\/wp-content\/uploads\/sites\/77\/2021\/12\/Protocolo-Mesa-Virtual-16-12-21.pdf\" target=\"_blank\" rel=\"noopener\">https:\/\/www.facet.unt.edu.ar\/sbe\/wp-content\/uploads\/sites\/77\/2021\/12\/Protocolo-Mesa-Virtual-16-12-21.pdf<\/a><\/div>\n<\/div>\n<\/div>\n<\/div><\/div><\/div><\/div><\/div>","protected":false},"excerpt":{"rendered":"<p>Se recuerda a los alumnos que la Mesa de Examen de las asignaturas \u00c1lgebra y Geometr\u00eda Anal\u00edtica (TT2) y \u00c1lgebra y Geometr\u00eda Anal\u00edtica I (TA2) del d\u00eda 16 de diciembre, se evaluar\u00e1 de forma virtual.\u00a0La consulta para dicho examen se llevar\u00e1 a cabo el d\u00eda martes 14 de diciembre, en el horario de 10:00 a [&hellip;]<\/p>\n","protected":false},"author":6,"featured_media":0,"comment_status":"closed","ping_status":"closed","sticky":false,"template":"","format":"standard","meta":[],"categories":[5],"tags":[],"_links":{"self":[{"href":"https:\/\/www.facet.unt.edu.ar\/sbe\/wp-json\/wp\/v2\/posts\/525"}],"collection":[{"href":"https:\/\/www.facet.unt.edu.ar\/sbe\/wp-json\/wp\/v2\/posts"}],"about":[{"href":"https:\/\/www.facet.unt.edu.ar\/sbe\/wp-json\/wp\/v2\/types\/post"}],"author":[{"embeddable":true,"href":"https:\/\/www.facet.unt.edu.ar\/sbe\/wp-json\/wp\/v2\/users\/6"}],"replies":[{"embeddable":true,"href":"https:\/\/www.facet.unt.edu.ar\/sbe\/wp-json\/wp\/v2\/comments?post=525"}],"version-history":[{"count":2,"href":"https:\/\/www.facet.unt.edu.ar\/sbe\/wp-json\/wp\/v2\/posts\/525\/revisions"}],"predecessor-version":[{"id":528,"href":"https:\/\/www.facet.unt.edu.ar\/sbe\/wp-json\/wp\/v2\/posts\/525\/revisions\/528"}],"wp:attachment":[{"href":"https:\/\/www.facet.unt.edu.ar\/sbe\/wp-json\/wp\/v2\/media?parent=525"}],"wp:term":[{"taxonomy":"category","embeddable":true,"href":"https:\/\/www.facet.unt.edu.ar\/sbe\/wp-json\/wp\/v2\/categories?post=525"},{"taxonomy":"post_tag","embeddable":true,"href":"https:\/\/www.facet.unt.edu.ar\/sbe\/wp-json\/wp\/v2\/tags?post=525"}],"curies":[{"name":"wp","href":"https:\/\/api.w.org\/{rel}","templated":true}]}}