{"id":5517,"date":"2026-09-01T13:16:09","date_gmt":"2026-09-01T16:16:09","guid":{"rendered":"https:\/\/www.facet.unt.edu.ar\/sbe\/?p=5517"},"modified":"2026-09-01T13:16:10","modified_gmt":"2026-09-01T16:16:10","slug":"busqueda-de-pasantes-electrica-y-electronica-iselec-srl-cierre-de-convocatoria-10-10","status":"publish","type":"post","link":"https:\/\/www.facet.unt.edu.ar\/sbe\/2026\/09\/01\/busqueda-de-pasantes-electrica-y-electronica-iselec-srl-cierre-de-convocatoria-10-10\/","title":{"rendered":"B\u00fasqueda de Pasantes El\u00e9ctrica y Electr\u00f3nica &#8211; ISELEC SRL | Cierre de convocatoria: 10\/10"},"content":{"rendered":"<div id=\"pl-5517\"  class=\"panel-layout\"><div id=\"pg-5517-0\"  class=\"panel-grid panel-no-style\"><div id=\"pgc-5517-0-0\"  class=\"panel-grid-cell\"><div id=\"panel-5517-0-0-0\" class=\"so-panel widget widget_black-studio-tinymce widget_black_studio_tinymce panel-first-child panel-last-child\" data-index=\"0\"><div class=\"textwidget\"><p><img class=\"aligncenter size-full wp-image-5518\" src=\"https:\/\/www.facet.unt.edu.ar\/sbe\/wp-content\/uploads\/sites\/77\/2026\/09\/FLYER-PASANTIA.jpeg\" alt=\"\" width=\"1122\" height=\"1402\" \/><\/p>\n<\/div><\/div><\/div><div id=\"pgc-5517-0-1\"  class=\"panel-grid-cell\"><div id=\"panel-5517-0-1-0\" class=\"so-panel widget widget_sow-editor panel-first-child panel-last-child\" data-index=\"1\"><div\n\t\t\t\n\t\t\tclass=\"so-widget-sow-editor so-widget-sow-editor-base\">\n<div class=\"siteorigin-widget-tinymce textwidget\">\n\t<p style=\"text-align: justify;\"><span lang=\"es-AR\"><b>ISELEC SRL (Ingenier\u00eda y Servicios El\u00e9ctricos)<\/b><\/span><span lang=\"es-AR\"> se encuentra en la b\u00fasqueda de estudiantes de <\/span><span lang=\"es-AR\">las <\/span><span lang=\"es-AR\">carreras de Ingenier\u00eda El\u00e9ctrica y\/o Ingenier\u00eda Electr\u00f3nica de la FACET, para desempe\u00f1arse como Pasantes en el \u00e1rea de proyectos y direcci\u00f3n t\u00e9cnica.<\/span><\/p>\n<p style=\"text-align: justify;\"><span lang=\"es-AR\">TAREA\/S: Ejecuci\u00f3n de proyectos el\u00e9ctricos, ingenier\u00eda para miner\u00eda e industrias, direcci\u00f3n de obras.<\/span><\/p>\n<p style=\"text-align: justify;\"><span lang=\"es-AR\">HORARIO PRINCIPAL REQUERIDO A DESEMPE\u00d1AR: 09.00 a 13.00 hs, seg\u00fan carga semanal seg\u00fan Convenio de Pasant\u00eda. Posibilidad de contemplar alternativas de cubrir rangos horarios hasta las 8 hs. en base a disponibilidad. No excluyente.<\/span><\/p><\/div><\/div><\/div><\/div><\/div><\/div><p><a class=\"more-link\" href=\"https:\/\/www.facet.unt.edu.ar\/sbe\/2026\/09\/01\/busqueda-de-pasantes-electrica-y-electronica-iselec-srl-cierre-de-convocatoria-10-10\/\">Leer m\u00e1s<span class=\"meta-nav\">&rarr;<\/span><\/a><\/p>","protected":false},"excerpt":{"rendered":"<p>ISELEC SRL (Ingenier\u00eda y Servicios El\u00e9ctricos) se encuentra en la b\u00fasqueda de estudiantes de las carreras de Ingenier\u00eda El\u00e9ctrica y\/o Ingenier\u00eda Electr\u00f3nica de la FACET, para desempe\u00f1arse como Pasantes en el \u00e1rea de proyectos y direcci\u00f3n t\u00e9cnica.TAREA\/S: Ejecuci\u00f3n de proyectos el\u00e9ctricos, ingenier\u00eda para miner\u00eda e industrias, direcci\u00f3n de obras.HORARIO PRINCIPAL REQUERIDO A DESEMPE\u00d1AR: 09.00 a [&hellip;]<\/p>\n","protected":false},"author":6,"featured_media":5518,"comment_status":"closed","ping_status":"closed","sticky":false,"template":"","format":"standard","meta":[],"categories":[7],"tags":[],"_links":{"self":[{"href":"https:\/\/www.facet.unt.edu.ar\/sbe\/wp-json\/wp\/v2\/posts\/5517"}],"collection":[{"href":"https:\/\/www.facet.unt.edu.ar\/sbe\/wp-json\/wp\/v2\/posts"}],"about":[{"href":"https:\/\/www.facet.unt.edu.ar\/sbe\/wp-json\/wp\/v2\/types\/post"}],"author":[{"embeddable":true,"href":"https:\/\/www.facet.unt.edu.ar\/sbe\/wp-json\/wp\/v2\/users\/6"}],"replies":[{"embeddable":true,"href":"https:\/\/www.facet.unt.edu.ar\/sbe\/wp-json\/wp\/v2\/comments?post=5517"}],"version-history":[{"count":2,"href":"https:\/\/www.facet.unt.edu.ar\/sbe\/wp-json\/wp\/v2\/posts\/5517\/revisions"}],"predecessor-version":[{"id":5520,"href":"https:\/\/www.facet.unt.edu.ar\/sbe\/wp-json\/wp\/v2\/posts\/5517\/revisions\/5520"}],"wp:featuredmedia":[{"embeddable":true,"href":"https:\/\/www.facet.unt.edu.ar\/sbe\/wp-json\/wp\/v2\/media\/5518"}],"wp:attachment":[{"href":"https:\/\/www.facet.unt.edu.ar\/sbe\/wp-json\/wp\/v2\/media?parent=5517"}],"wp:term":[{"taxonomy":"category","embeddable":true,"href":"https:\/\/www.facet.unt.edu.ar\/sbe\/wp-json\/wp\/v2\/categories?post=5517"},{"taxonomy":"post_tag","embeddable":true,"href":"https:\/\/www.facet.unt.edu.ar\/sbe\/wp-json\/wp\/v2\/tags?post=5517"}],"curies":[{"name":"wp","href":"https:\/\/api.w.org\/{rel}","templated":true}]}}