{"id":5522,"date":"2026-09-04T00:46:15","date_gmt":"2026-09-04T03:46:15","guid":{"rendered":"https:\/\/www.facet.unt.edu.ar\/sbe\/?p=5522"},"modified":"2026-09-04T00:46:54","modified_gmt":"2026-09-04T03:46:54","slug":"programa-de-jovenes-profesionales-nextgen-argenti","status":"publish","type":"post","link":"https:\/\/www.facet.unt.edu.ar\/sbe\/2026\/09\/04\/programa-de-jovenes-profesionales-nextgen-argenti\/","title":{"rendered":"Programa de J\u00f3venes Profesionales &#8220;NextGen Argenti&#8221;"},"content":{"rendered":"<div id=\"pl-5522\"  class=\"panel-layout\"><div id=\"pg-5522-0\"  class=\"panel-grid panel-no-style\"><div id=\"pgc-5522-0-0\"  class=\"panel-grid-cell\"><div id=\"panel-5522-0-0-0\" class=\"so-panel widget widget_black-studio-tinymce widget_black_studio_tinymce panel-first-child panel-last-child\" data-index=\"0\"><div class=\"textwidget\"><p><img class=\"aligncenter size-full wp-image-5523\" src=\"https:\/\/www.facet.unt.edu.ar\/sbe\/wp-content\/uploads\/sites\/77\/2026\/09\/jovenes-profesionales.png\" alt=\"\" width=\"1280\" height=\"1600\" \/><\/p>\n<\/div><\/div><\/div><div id=\"pgc-5522-0-1\"  class=\"panel-grid-cell\"><div id=\"panel-5522-0-1-0\" class=\"so-panel widget widget_sow-editor panel-first-child panel-last-child\" data-index=\"1\"><div\n\t\t\t\n\t\t\tclass=\"so-widget-sow-editor so-widget-sow-editor-base\">\n<div class=\"siteorigin-widget-tinymce textwidget\">\n\t<p style=\"text-align: justify;\">El talento joven trae preguntas nuevas, otras formas de mirar y una enorme capacidad para aprender. Desde la empresa Argenti Group\u00a0queremos sumarlos a desaf\u00edos reales, acercarlos a distintas \u00e1reas del negocio y construir las capacidades que necesitamos para el futuro. Por este motivo creamos el programa de J\u00f3venes Profesionales: NextGen Argenti.<\/p>\n<p>Si est\u00e1s en el \u00faltimo a\u00f1o de tu carrera o reci\u00e9n graduado, este programa puede ser t\u00fa pr\u00f3ximo desaf\u00edo.<\/p>\n<p>Buscamos estudiantes o profesionales de:<\/p>\n<ul>\n<li style=\"text-align: justify;\">\u00a0Ingenier\u00eda Industrial<\/li>\n<li style=\"text-align: justify;\">\u00a0Ingenier\u00eda Civil<\/li>\n<li style=\"text-align: justify;\">\u00a0Ingenier\u00eda Qu\u00edmica<\/li>\n<\/ul>\n<p><\/p><\/div><\/div><\/div><\/div><\/div><\/div><p><a class=\"more-link\" href=\"https:\/\/www.facet.unt.edu.ar\/sbe\/2026\/09\/04\/programa-de-jovenes-profesionales-nextgen-argenti\/\">Leer m\u00e1s<span class=\"meta-nav\">&rarr;<\/span><\/a><\/p>","protected":false},"excerpt":{"rendered":"<p>El talento joven trae preguntas nuevas, otras formas de mirar y una enorme capacidad para aprender. Desde la empresa Argenti Group\u00a0queremos sumarlos a desaf\u00edos reales, acercarlos a distintas \u00e1reas del negocio y construir las capacidades que necesitamos para el futuro. Por este motivo creamos el programa de J\u00f3venes Profesionales: NextGen Argenti.Si est\u00e1s en el \u00faltimo [&hellip;]<\/p>\n","protected":false},"author":6,"featured_media":5523,"comment_status":"closed","ping_status":"closed","sticky":false,"template":"","format":"standard","meta":[],"categories":[4],"tags":[],"_links":{"self":[{"href":"https:\/\/www.facet.unt.edu.ar\/sbe\/wp-json\/wp\/v2\/posts\/5522"}],"collection":[{"href":"https:\/\/www.facet.unt.edu.ar\/sbe\/wp-json\/wp\/v2\/posts"}],"about":[{"href":"https:\/\/www.facet.unt.edu.ar\/sbe\/wp-json\/wp\/v2\/types\/post"}],"author":[{"embeddable":true,"href":"https:\/\/www.facet.unt.edu.ar\/sbe\/wp-json\/wp\/v2\/users\/6"}],"replies":[{"embeddable":true,"href":"https:\/\/www.facet.unt.edu.ar\/sbe\/wp-json\/wp\/v2\/comments?post=5522"}],"version-history":[{"count":2,"href":"https:\/\/www.facet.unt.edu.ar\/sbe\/wp-json\/wp\/v2\/posts\/5522\/revisions"}],"predecessor-version":[{"id":5525,"href":"https:\/\/www.facet.unt.edu.ar\/sbe\/wp-json\/wp\/v2\/posts\/5522\/revisions\/5525"}],"wp:featuredmedia":[{"embeddable":true,"href":"https:\/\/www.facet.unt.edu.ar\/sbe\/wp-json\/wp\/v2\/media\/5523"}],"wp:attachment":[{"href":"https:\/\/www.facet.unt.edu.ar\/sbe\/wp-json\/wp\/v2\/media?parent=5522"}],"wp:term":[{"taxonomy":"category","embeddable":true,"href":"https:\/\/www.facet.unt.edu.ar\/sbe\/wp-json\/wp\/v2\/categories?post=5522"},{"taxonomy":"post_tag","embeddable":true,"href":"https:\/\/www.facet.unt.edu.ar\/sbe\/wp-json\/wp\/v2\/tags?post=5522"}],"curies":[{"name":"wp","href":"https:\/\/api.w.org\/{rel}","templated":true}]}}