{"id":621,"date":"2022-02-26T01:06:52","date_gmt":"2022-02-26T01:06:52","guid":{"rendered":"https:\/\/www.facet.unt.edu.ar\/sbe\/?p=621"},"modified":"2022-02-26T01:23:49","modified_gmt":"2022-02-26T01:23:49","slug":"becas-manuel-belgrano-2022-inscripciones-abiertas","status":"publish","type":"post","link":"https:\/\/www.facet.unt.edu.ar\/sbe\/2022\/02\/26\/becas-manuel-belgrano-2022-inscripciones-abiertas\/","title":{"rendered":"Becas Manuel Belgrano 2022 &#8211; Inscripciones abiertas"},"content":{"rendered":"<div id=\"pl-621\"  class=\"panel-layout\"><div id=\"pg-621-0\"  class=\"panel-grid panel-no-style\"><div id=\"pgc-621-0-0\"  class=\"panel-grid-cell\"><div id=\"panel-621-0-0-0\" class=\"so-panel widget widget_black-studio-tinymce widget_black_studio_tinymce panel-first-child panel-last-child\" data-index=\"0\"><div class=\"textwidget\"><p><img class=\"aligncenter size-full wp-image-626\" src=\"https:\/\/www.facet.unt.edu.ar\/sbe\/wp-content\/uploads\/sites\/77\/2022\/02\/becas-manuel-belgrano-1.png\" alt=\"\" width=\"1300\" height=\"1300\" \/><\/p>\n<\/div><\/div><\/div><div id=\"pgc-621-0-1\"  class=\"panel-grid-cell\"><div id=\"panel-621-0-1-0\" class=\"so-panel widget widget_sow-editor panel-first-child panel-last-child\" data-index=\"1\"><div\n\t\t\t\n\t\t\tclass=\"so-widget-sow-editor so-widget-sow-editor-base\">\n<div class=\"siteorigin-widget-tinymce textwidget\">\n\t<p style=\"text-align: justify;\">Se encuentra abierta la inscripci\u00f3n para el Programa de Becas Estrat\u00e9gicas Manuel Belgrano que tiene por objetivo promover la finalizaci\u00f3n de estudios en carreras consideradas estrat\u00e9gicas.<\/p>\n<p style=\"text-align: justify;\">El Programa, orientado a estudiantes regulares (ingresantes y cursantes) de nacionalidad argentina inscriptos en una Universidad P\u00fablica Nacional o Provincial en alguna de las carreras establecidas en la convocatoria, es un sistema de becas para promover el acceso, la permanencia y la finalizaci\u00f3n de estudios de grado y pregrado en ocho \u00e1reas de pol\u00edtica p\u00fablica consideradas claves para el desarrollo econ\u00f3mico del pa\u00eds y la igualdad social.<\/p>\n<p style=\"text-align: justify;\">Las becas tienen una duraci\u00f3n de 12 meses, pueden renovarse cada a\u00f1o hasta un m\u00e1ximo de 3 a\u00f1os en las carreras de pregrado y de 5 a\u00f1os en las carreras de grado.<\/p>\n<p style=\"text-align: justify;\">La lista de carreras incluidas se puede revisar en el siguiente link: <a href=\"https:\/\/becasmanuelbelgrano.educacion.gob.ar\/admin\/listacarreras.php\" target=\"_blank\" rel=\"noopener\">https:\/\/becasmanuelbelgrano.educacion.gob.ar\/admin\/listacarreras.php<\/a><\/p>\n<p><\/p><\/div><\/div><\/div><\/div><\/div><\/div><p><a class=\"more-link\" href=\"https:\/\/www.facet.unt.edu.ar\/sbe\/2022\/02\/26\/becas-manuel-belgrano-2022-inscripciones-abiertas\/\">Leer m\u00e1s<span class=\"meta-nav\">&rarr;<\/span><\/a><\/p>","protected":false},"excerpt":{"rendered":"<p>Se encuentra abierta la inscripci\u00f3n para el Programa de Becas Estrat\u00e9gicas Manuel Belgrano que tiene por objetivo promover la finalizaci\u00f3n de estudios en carreras consideradas estrat\u00e9gicas. El Programa, orientado a estudiantes regulares (ingresantes y cursantes) de nacionalidad argentina inscriptos en una Universidad P\u00fablica Nacional o Provincial en alguna de las carreras establecidas en la convocatoria, [&hellip;]<\/p>\n","protected":false},"author":6,"featured_media":0,"comment_status":"closed","ping_status":"closed","sticky":false,"template":"","format":"standard","meta":[],"categories":[4],"tags":[],"_links":{"self":[{"href":"https:\/\/www.facet.unt.edu.ar\/sbe\/wp-json\/wp\/v2\/posts\/621"}],"collection":[{"href":"https:\/\/www.facet.unt.edu.ar\/sbe\/wp-json\/wp\/v2\/posts"}],"about":[{"href":"https:\/\/www.facet.unt.edu.ar\/sbe\/wp-json\/wp\/v2\/types\/post"}],"author":[{"embeddable":true,"href":"https:\/\/www.facet.unt.edu.ar\/sbe\/wp-json\/wp\/v2\/users\/6"}],"replies":[{"embeddable":true,"href":"https:\/\/www.facet.unt.edu.ar\/sbe\/wp-json\/wp\/v2\/comments?post=621"}],"version-history":[{"count":5,"href":"https:\/\/www.facet.unt.edu.ar\/sbe\/wp-json\/wp\/v2\/posts\/621\/revisions"}],"predecessor-version":[{"id":624,"href":"https:\/\/www.facet.unt.edu.ar\/sbe\/wp-json\/wp\/v2\/posts\/621\/revisions\/624"}],"wp:attachment":[{"href":"https:\/\/www.facet.unt.edu.ar\/sbe\/wp-json\/wp\/v2\/media?parent=621"}],"wp:term":[{"taxonomy":"category","embeddable":true,"href":"https:\/\/www.facet.unt.edu.ar\/sbe\/wp-json\/wp\/v2\/categories?post=621"},{"taxonomy":"post_tag","embeddable":true,"href":"https:\/\/www.facet.unt.edu.ar\/sbe\/wp-json\/wp\/v2\/tags?post=621"}],"curies":[{"name":"wp","href":"https:\/\/api.w.org\/{rel}","templated":true}]}}