{"id":643,"date":"2022-03-16T01:56:07","date_gmt":"2022-03-16T01:56:07","guid":{"rendered":"https:\/\/www.facet.unt.edu.ar\/sbe\/?p=643"},"modified":"2022-03-16T01:56:08","modified_gmt":"2022-03-16T01:56:08","slug":"busqueda-laboral-mecanica-o-industrial-rodagel","status":"publish","type":"post","link":"https:\/\/www.facet.unt.edu.ar\/sbe\/2022\/03\/16\/busqueda-laboral-mecanica-o-industrial-rodagel\/","title":{"rendered":"B\u00fasqueda Laboral Mec\u00e1nica o Industrial &#8211;  RODAGEL"},"content":{"rendered":"<div id=\"pl-643\"  class=\"panel-layout\"><div id=\"pg-643-0\"  class=\"panel-grid panel-no-style\"><div id=\"pgc-643-0-0\"  class=\"panel-grid-cell\"><div id=\"panel-643-0-0-0\" class=\"so-panel widget widget_black-studio-tinymce widget_black_studio_tinymce panel-first-child panel-last-child\" data-index=\"0\"><div class=\"textwidget\"><p><img class=\"aligncenter size-full wp-image-205\" src=\"https:\/\/www.facet.unt.edu.ar\/sbe\/wp-content\/uploads\/sites\/77\/2021\/10\/OFERTA-LABORAL-2021.png\" alt=\"\" width=\"1200\" height=\"1200\" \/><\/p>\n<\/div><\/div><\/div><div id=\"pgc-643-0-1\"  class=\"panel-grid-cell\"><div id=\"panel-643-0-1-0\" class=\"so-panel widget widget_sow-editor panel-first-child panel-last-child\" data-index=\"1\"><div\n\t\t\t\n\t\t\tclass=\"so-widget-sow-editor so-widget-sow-editor-base\">\n<div class=\"siteorigin-widget-tinymce textwidget\">\n\t<p style=\"text-align: justify;\">La empresa RODAGEL se encuentra en la b\u00fasqueda de un\/a estudiante avanzado\/a o reci\u00e9n graduado\/a de Ingenier\u00eda Mec\u00e1nica o Industrial de la FACET.<\/p>\n<p style=\"text-align: justify;\">\u00c1REA\/S DE TRABAJO: Venta Comercial de Producto T\u00e9cnico y Producci\u00f3n<\/p>\n<p style=\"text-align: justify;\">DESCRIPCI\u00d3N DE TAREA\/S Y\/O RESPONSABILIDAD\/ES:<br \/>\u2022 Perfil comercial orientado a la venta t\u00e9cnica, <br \/>\u2022 Asesoramientos a nuestros clientes<br \/>\u2022 Apertura de nuevos mercados <br \/>\u2022 Su principal responsabilidad se orienta dirigir planificar y coordinar parte de la unidad de negocio. <br \/>\u2022 Tambi\u00e9n tendr\u00e1 participaci\u00f3n en el \u00c1rea Productiva.<\/p><\/div><\/div><\/div><\/div><\/div><\/div><p><a class=\"more-link\" href=\"https:\/\/www.facet.unt.edu.ar\/sbe\/2022\/03\/16\/busqueda-laboral-mecanica-o-industrial-rodagel\/\">Leer m\u00e1s<span class=\"meta-nav\">&rarr;<\/span><\/a><\/p>","protected":false},"excerpt":{"rendered":"<p>La empresa RODAGEL se encuentra en la b\u00fasqueda de un\/a estudiante avanzado\/a o reci\u00e9n graduado\/a de Ingenier\u00eda Mec\u00e1nica o Industrial de la FACET.\u00c1REA\/S DE TRABAJO: Venta Comercial de Producto T\u00e9cnico y Producci\u00f3nDESCRIPCI\u00d3N DE TAREA\/S Y\/O RESPONSABILIDAD\/ES:\u2022 Perfil comercial orientado a la venta t\u00e9cnica, \u2022 Asesoramientos a nuestros clientes\u2022 Apertura de nuevos mercados \u2022 Su principal [&hellip;]<\/p>\n","protected":false},"author":6,"featured_media":0,"comment_status":"closed","ping_status":"closed","sticky":false,"template":"","format":"standard","meta":[],"categories":[8],"tags":[],"_links":{"self":[{"href":"https:\/\/www.facet.unt.edu.ar\/sbe\/wp-json\/wp\/v2\/posts\/643"}],"collection":[{"href":"https:\/\/www.facet.unt.edu.ar\/sbe\/wp-json\/wp\/v2\/posts"}],"about":[{"href":"https:\/\/www.facet.unt.edu.ar\/sbe\/wp-json\/wp\/v2\/types\/post"}],"author":[{"embeddable":true,"href":"https:\/\/www.facet.unt.edu.ar\/sbe\/wp-json\/wp\/v2\/users\/6"}],"replies":[{"embeddable":true,"href":"https:\/\/www.facet.unt.edu.ar\/sbe\/wp-json\/wp\/v2\/comments?post=643"}],"version-history":[{"count":2,"href":"https:\/\/www.facet.unt.edu.ar\/sbe\/wp-json\/wp\/v2\/posts\/643\/revisions"}],"predecessor-version":[{"id":645,"href":"https:\/\/www.facet.unt.edu.ar\/sbe\/wp-json\/wp\/v2\/posts\/643\/revisions\/645"}],"wp:attachment":[{"href":"https:\/\/www.facet.unt.edu.ar\/sbe\/wp-json\/wp\/v2\/media?parent=643"}],"wp:term":[{"taxonomy":"category","embeddable":true,"href":"https:\/\/www.facet.unt.edu.ar\/sbe\/wp-json\/wp\/v2\/categories?post=643"},{"taxonomy":"post_tag","embeddable":true,"href":"https:\/\/www.facet.unt.edu.ar\/sbe\/wp-json\/wp\/v2\/tags?post=643"}],"curies":[{"name":"wp","href":"https:\/\/api.w.org\/{rel}","templated":true}]}}