{"id":701,"date":"2022-03-29T21:44:32","date_gmt":"2022-03-29T21:44:32","guid":{"rendered":"https:\/\/www.facet.unt.edu.ar\/sbe\/?p=701"},"modified":"2022-03-29T21:45:20","modified_gmt":"2022-03-29T21:45:20","slug":"ingreso-2023-curso-de-nivelacion-en-matematica-abril-julio-2022","status":"publish","type":"post","link":"https:\/\/www.facet.unt.edu.ar\/sbe\/2022\/03\/29\/ingreso-2023-curso-de-nivelacion-en-matematica-abril-julio-2022\/","title":{"rendered":"Ingreso 2023 | Curso de Nivelaci\u00f3n en Matem\u00e1tica: Abril-Julio 2022"},"content":{"rendered":"<div id=\"pl-701\"  class=\"panel-layout\"><div id=\"pg-701-0\"  class=\"panel-grid panel-no-style\"><div id=\"pgc-701-0-0\"  class=\"panel-grid-cell\"><div id=\"panel-701-0-0-0\" class=\"so-panel widget widget_media_video panel-first-child panel-last-child\" data-index=\"0\"><div style=\"width:100%;\" class=\"wp-video\"><!--[if lt IE 9]><script>document.createElement('video');<\/script><![endif]-->\n<video class=\"wp-video-shortcode\" id=\"video-701-1\" preload=\"metadata\" controls=\"controls\"><source type=\"video\/youtube\" src=\"https:\/\/www.youtube.com\/watch?v=VwAO3N12hEU&#038;_=1\" \/><a href=\"https:\/\/www.youtube.com\/watch?v=VwAO3N12hEU\">https:\/\/www.youtube.com\/watch?v=VwAO3N12hEU<\/a><\/video><\/div><\/div><\/div><div id=\"pgc-701-0-1\"  class=\"panel-grid-cell\"><div id=\"panel-701-0-1-0\" class=\"so-panel widget widget_sow-editor panel-first-child panel-last-child\" data-index=\"1\"><div\n\t\t\t\n\t\t\tclass=\"so-widget-sow-editor so-widget-sow-editor-base\">\n<div class=\"siteorigin-widget-tinymce textwidget\">\n\t<p style=\"text-align: justify;\">Se recuerda a los aspirantes a ingresar a nuestra facultad que el Curso de Nivelaci\u00f3n en Matem\u00e1tica de Abril-Julio 2022, modalidad virtual, cierra sus inscripciones este mi\u00e9rcoles 30 de marzo, a las 13 hs.<\/p>\n<p style=\"text-align: justify;\">Inicio del curso: 01\/04\/2022 - Finalizaci\u00f3n: 05\/07\/2022<\/p>\n<p style=\"text-align: justify;\">Destinatarios:<br \/>\n* Todo interesado que haya completado el nivel secundario (incluidos los que deban alguna materia para obtener el t\u00edtulo).<br \/>\n* Todo interesado que est\u00e9 cursando el \u00faltimo a\u00f1o del nivel secundario.<br \/>\n* Aspirantes que no aprobaron ninguna de las instancias disponibles del Ingreso 2022 de la FACET.<\/p>\n<p style=\"text-align: justify;\">Clases por videoconferencia: mi\u00e9rcoles y viernes en tres turnos: TM, TS y TT.<\/p><\/div><\/div><\/div><\/div><\/div><\/div><p><a class=\"more-link\" href=\"https:\/\/www.facet.unt.edu.ar\/sbe\/2022\/03\/29\/ingreso-2023-curso-de-nivelacion-en-matematica-abril-julio-2022\/\">Leer m\u00e1s<span class=\"meta-nav\">&rarr;<\/span><\/a><\/p>","protected":false},"excerpt":{"rendered":"<p>Se recuerda a los aspirantes a ingresar a nuestra facultad que el Curso de Nivelaci\u00f3n en Matem\u00e1tica de Abril-Julio 2022, modalidad virtual, cierra sus inscripciones este mi\u00e9rcoles 30 de marzo, a las 13 hs. Inicio del curso: 01\/04\/2022 &#8211; Finalizaci\u00f3n: 05\/07\/2022 Destinatarios: * Todo interesado que haya completado el nivel secundario (incluidos los que deban [&hellip;]<\/p>\n","protected":false},"author":6,"featured_media":0,"comment_status":"closed","ping_status":"closed","sticky":false,"template":"","format":"standard","meta":[],"categories":[4],"tags":[],"_links":{"self":[{"href":"https:\/\/www.facet.unt.edu.ar\/sbe\/wp-json\/wp\/v2\/posts\/701"}],"collection":[{"href":"https:\/\/www.facet.unt.edu.ar\/sbe\/wp-json\/wp\/v2\/posts"}],"about":[{"href":"https:\/\/www.facet.unt.edu.ar\/sbe\/wp-json\/wp\/v2\/types\/post"}],"author":[{"embeddable":true,"href":"https:\/\/www.facet.unt.edu.ar\/sbe\/wp-json\/wp\/v2\/users\/6"}],"replies":[{"embeddable":true,"href":"https:\/\/www.facet.unt.edu.ar\/sbe\/wp-json\/wp\/v2\/comments?post=701"}],"version-history":[{"count":5,"href":"https:\/\/www.facet.unt.edu.ar\/sbe\/wp-json\/wp\/v2\/posts\/701\/revisions"}],"predecessor-version":[{"id":704,"href":"https:\/\/www.facet.unt.edu.ar\/sbe\/wp-json\/wp\/v2\/posts\/701\/revisions\/704"}],"wp:attachment":[{"href":"https:\/\/www.facet.unt.edu.ar\/sbe\/wp-json\/wp\/v2\/media?parent=701"}],"wp:term":[{"taxonomy":"category","embeddable":true,"href":"https:\/\/www.facet.unt.edu.ar\/sbe\/wp-json\/wp\/v2\/categories?post=701"},{"taxonomy":"post_tag","embeddable":true,"href":"https:\/\/www.facet.unt.edu.ar\/sbe\/wp-json\/wp\/v2\/tags?post=701"}],"curies":[{"name":"wp","href":"https:\/\/api.w.org\/{rel}","templated":true}]}}