{"id":779,"date":"2022-04-19T16:41:52","date_gmt":"2022-04-19T19:41:52","guid":{"rendered":"https:\/\/www.facet.unt.edu.ar\/sbe\/?p=779"},"modified":"2022-04-20T19:30:28","modified_gmt":"2022-04-20T22:30:28","slug":"mesa-especial-mayo-algebra-y-geometria-analitica","status":"publish","type":"post","link":"https:\/\/www.facet.unt.edu.ar\/sbe\/2022\/04\/19\/mesa-especial-mayo-algebra-y-geometria-analitica\/","title":{"rendered":"Mesa Especial Mayo \u201c\u00c1lgebra y Geometr\u00eda Anal\u00edtica\u201d"},"content":{"rendered":"<div id=\"pl-779\"  class=\"panel-layout\" ><div id=\"pg-779-0\"  class=\"panel-grid panel-no-style\" ><div id=\"pgc-779-0-0\"  class=\"panel-grid-cell\" ><div id=\"panel-779-0-0-0\" class=\"so-panel widget widget_black-studio-tinymce widget_black_studio_tinymce panel-first-child panel-last-child\" data-index=\"0\" ><div class=\"textwidget\"><p><img class=\"aligncenter size-full wp-image-805\" src=\"https:\/\/www.facet.unt.edu.ar\/sbe\/wp-content\/uploads\/sites\/77\/2022\/04\/comunicado-mesa-especial-9-de-mayo.png\" alt=\"\" width=\"1300\" height=\"1300\" \/><\/p>\n<\/div><\/div><\/div><div id=\"pgc-779-0-1\"  class=\"panel-grid-cell\" ><div id=\"panel-779-0-1-0\" class=\"so-panel widget widget_sow-editor panel-first-child panel-last-child\" data-index=\"1\" ><div\n\t\t\t\n\t\t\tclass=\"so-widget-sow-editor so-widget-sow-editor-base\"\n\t\t\t\n\t\t>\n<div class=\"siteorigin-widget-tinymce textwidget\">\n\t<p style=\"text-align: justify;\">Se informa a los alumnos que se tomar\u00e1 examen final en la Mesa Especial de Mayo para las asignaturas \"\u00c1lgebra y Geometr\u00eda Anal\u00edtica - 15_TT2\u201d y \u201c\u00c1lgebra y Geometr\u00eda Anal\u00edtica I \u2013 15_TA2\u201d.<\/p>\n<p style=\"text-align: justify;\"><span style=\"text-decoration: underline;\">Fecha y Horario de Mesa Especial<\/span>: Lunes 9 de Mayo de 2022, a las 10 hs<\/p>\n<p style=\"text-align: justify;\">Para poder rendir es necesario completar el siguiente formulario:<a href=\"https:\/\/forms.gle\/Wht8xg9xo6jxdj7y7\" target=\"_blank\" rel=\"noopener\"> https:\/\/forms.gle\/Wht8xg9xo6jxdj7y7<\/a>, el cual cierra el 1 de mayo, a las 23:59 hs.<\/p>\n<p style=\"text-align: justify;\">M\u00e1s informaci\u00f3n en: <a href=\"https:\/\/www.facet.unt.edu.ar\/sbe\/wp-content\/uploads\/sites\/77\/2022\/04\/Mesa-Especial-9-de-Mayo-de-2022.pdf\" target=\"_blank\" rel=\"noopener\">https:\/\/www.facet.unt.edu.ar\/sbe\/wp-content\/uploads\/sites\/77\/2022\/04\/Mesa-Especial-9-de-Mayo-de-2022.pdf<\/a><\/p>\n<\/div>\n<\/div><\/div><\/div><\/div><\/div>","protected":false},"excerpt":{"rendered":"<p>Se informa a los alumnos que se tomar\u00e1 examen final en la Mesa Especial de Mayo para las asignaturas &#8220;\u00c1lgebra y Geometr\u00eda Anal\u00edtica &#8211; 15_TT2\u201d y \u201c\u00c1lgebra y Geometr\u00eda Anal\u00edtica I \u2013 15_TA2\u201d. Fecha y Horario de Mesa Especial: Lunes 9 de Mayo de 2022, a las 10 hs Para poder rendir es necesario completar [&hellip;]<\/p>\n","protected":false},"author":6,"featured_media":805,"comment_status":"closed","ping_status":"closed","sticky":false,"template":"","format":"standard","meta":[],"categories":[5,4],"tags":[],"_links":{"self":[{"href":"https:\/\/www.facet.unt.edu.ar\/sbe\/wp-json\/wp\/v2\/posts\/779"}],"collection":[{"href":"https:\/\/www.facet.unt.edu.ar\/sbe\/wp-json\/wp\/v2\/posts"}],"about":[{"href":"https:\/\/www.facet.unt.edu.ar\/sbe\/wp-json\/wp\/v2\/types\/post"}],"author":[{"embeddable":true,"href":"https:\/\/www.facet.unt.edu.ar\/sbe\/wp-json\/wp\/v2\/users\/6"}],"replies":[{"embeddable":true,"href":"https:\/\/www.facet.unt.edu.ar\/sbe\/wp-json\/wp\/v2\/comments?post=779"}],"version-history":[{"count":6,"href":"https:\/\/www.facet.unt.edu.ar\/sbe\/wp-json\/wp\/v2\/posts\/779\/revisions"}],"predecessor-version":[{"id":782,"href":"https:\/\/www.facet.unt.edu.ar\/sbe\/wp-json\/wp\/v2\/posts\/779\/revisions\/782"}],"wp:featuredmedia":[{"embeddable":true,"href":"https:\/\/www.facet.unt.edu.ar\/sbe\/wp-json\/wp\/v2\/media\/805"}],"wp:attachment":[{"href":"https:\/\/www.facet.unt.edu.ar\/sbe\/wp-json\/wp\/v2\/media?parent=779"}],"wp:term":[{"taxonomy":"category","embeddable":true,"href":"https:\/\/www.facet.unt.edu.ar\/sbe\/wp-json\/wp\/v2\/categories?post=779"},{"taxonomy":"post_tag","embeddable":true,"href":"https:\/\/www.facet.unt.edu.ar\/sbe\/wp-json\/wp\/v2\/tags?post=779"}],"curies":[{"name":"wp","href":"https:\/\/api.w.org\/{rel}","templated":true}]}}