{"id":837,"date":"2022-04-25T18:51:33","date_gmt":"2022-04-25T21:51:33","guid":{"rendered":"https:\/\/www.facet.unt.edu.ar\/sbe\/?p=837"},"modified":"2022-04-25T18:54:26","modified_gmt":"2022-04-25T21:54:26","slug":"invitacion-a-defensa-de-tesis-de-grado-para-acceder-al-titulo-de-ingeniero-biomedico","status":"publish","type":"post","link":"https:\/\/www.facet.unt.edu.ar\/sbe\/2022\/04\/25\/invitacion-a-defensa-de-tesis-de-grado-para-acceder-al-titulo-de-ingeniero-biomedico\/","title":{"rendered":"Invitaci\u00f3n a Defensa de Tesis de Grado para acceder al t\u00edtulo de Ingeniero Biom\u00e9dico"},"content":{"rendered":"<div id=\"pl-837\"  class=\"panel-layout\" ><div id=\"pg-837-0\"  class=\"panel-grid panel-no-style\" ><div id=\"pgc-837-0-0\"  class=\"panel-grid-cell\" ><div id=\"panel-837-0-0-0\" class=\"so-panel widget widget_black-studio-tinymce widget_black_studio_tinymce panel-first-child panel-last-child\" data-index=\"0\" ><div class=\"textwidget\"><p><img class=\"aligncenter size-full wp-image-841\" src=\"https:\/\/www.facet.unt.edu.ar\/sbe\/wp-content\/uploads\/sites\/77\/2022\/04\/DEFENSA-DE-TESIS-DE-GRADO-ING-BIOMEDICA.png\" alt=\"\" width=\"1300\" height=\"1300\" \/><\/p>\n<\/div><\/div><\/div><div id=\"pgc-837-0-1\"  class=\"panel-grid-cell\" ><div id=\"panel-837-0-1-0\" class=\"so-panel widget widget_sow-editor panel-first-child panel-last-child\" data-index=\"1\" ><div\n\t\t\t\n\t\t\tclass=\"so-widget-sow-editor so-widget-sow-editor-base\"\n\t\t\t\n\t\t>\n<div class=\"siteorigin-widget-tinymce textwidget\">\n\t<p style=\"text-align: justify;\">Se invita a la comunidad universitaria a participar de la Defensa del Proyecto de Graduaci\u00f3n del alumno <strong>Nicol\u00e1s Emanuel Pedraza<\/strong>, titulado <strong>\u201cDesarrollo de un modelo predictivo de inteligencia artificial para la predicci\u00f3n de la tasa de degradaci\u00f3n en el dise\u00f1o de vacunas contra el Covid-19 basadas en ARNm<\/strong>\u201d, para obtener el t\u00edtulo de grado de Ingeniero Biom\u00e9dico, FACET \u2013 UNT.<\/p>\n<p style=\"text-align: justify;\">El proyecto final estuvo bajo la direcci\u00f3n del <strong>Dr. Ing. Facundo Adri\u00e1n Luciann<\/strong>a y co-tutor\u00eda de la <strong>Mg. Lic. Cecilia Saavedra Fresia<\/strong>.<\/p>\n<p style=\"text-align: justify;\">El acto acad\u00e9mico virtual se llevar\u00e1 a cabo este <strong>martes 26 de abril<\/strong>, a las <strong>19 hs<\/strong> y se transmitir\u00e1 por el canal de YouTube.<\/p>\n<p style=\"text-align: justify;\"><span style=\"text-decoration: underline;\">Link de transmisi\u00f3n<\/span>: <a href=\"https:\/\/youtu.be\/Q2J3wQ1nmFs\" target=\"_blank\" rel=\"noopener\">https:\/\/youtu.be\/Q2J3wQ1nmFs<\/a><\/p>\n<p style=\"text-align: justify;\">El tribunal examinador estar\u00e1 conformado por:<br \/>\u2022 Dr. Gabriel Ruiz<br \/>\u2022 Ing. Pablo Solarz<br \/>\u2022 Dr. Fernando Farf\u00e1n<\/p>\n<\/div>\n<\/div><\/div><\/div><\/div><\/div>","protected":false},"excerpt":{"rendered":"<p>Se invita a la comunidad universitaria a participar de la Defensa del Proyecto de Graduaci\u00f3n del alumno Nicol\u00e1s Emanuel Pedraza, titulado \u201cDesarrollo de un modelo predictivo de inteligencia artificial para la predicci\u00f3n de la tasa de degradaci\u00f3n en el dise\u00f1o de vacunas contra el Covid-19 basadas en ARNm\u201d, para obtener el t\u00edtulo de grado de [&hellip;]<\/p>\n","protected":false},"author":6,"featured_media":841,"comment_status":"closed","ping_status":"closed","sticky":false,"template":"","format":"standard","meta":[],"categories":[4],"tags":[],"_links":{"self":[{"href":"https:\/\/www.facet.unt.edu.ar\/sbe\/wp-json\/wp\/v2\/posts\/837"}],"collection":[{"href":"https:\/\/www.facet.unt.edu.ar\/sbe\/wp-json\/wp\/v2\/posts"}],"about":[{"href":"https:\/\/www.facet.unt.edu.ar\/sbe\/wp-json\/wp\/v2\/types\/post"}],"author":[{"embeddable":true,"href":"https:\/\/www.facet.unt.edu.ar\/sbe\/wp-json\/wp\/v2\/users\/6"}],"replies":[{"embeddable":true,"href":"https:\/\/www.facet.unt.edu.ar\/sbe\/wp-json\/wp\/v2\/comments?post=837"}],"version-history":[{"count":4,"href":"https:\/\/www.facet.unt.edu.ar\/sbe\/wp-json\/wp\/v2\/posts\/837\/revisions"}],"predecessor-version":[{"id":843,"href":"https:\/\/www.facet.unt.edu.ar\/sbe\/wp-json\/wp\/v2\/posts\/837\/revisions\/843"}],"wp:featuredmedia":[{"embeddable":true,"href":"https:\/\/www.facet.unt.edu.ar\/sbe\/wp-json\/wp\/v2\/media\/841"}],"wp:attachment":[{"href":"https:\/\/www.facet.unt.edu.ar\/sbe\/wp-json\/wp\/v2\/media?parent=837"}],"wp:term":[{"taxonomy":"category","embeddable":true,"href":"https:\/\/www.facet.unt.edu.ar\/sbe\/wp-json\/wp\/v2\/categories?post=837"},{"taxonomy":"post_tag","embeddable":true,"href":"https:\/\/www.facet.unt.edu.ar\/sbe\/wp-json\/wp\/v2\/tags?post=837"}],"curies":[{"name":"wp","href":"https:\/\/api.w.org\/{rel}","templated":true}]}}