{"id":845,"date":"2022-04-26T13:40:36","date_gmt":"2022-04-26T16:40:36","guid":{"rendered":"https:\/\/www.facet.unt.edu.ar\/sbe\/?p=845"},"modified":"2022-04-26T13:40:38","modified_gmt":"2022-04-26T16:40:38","slug":"convocatoria-becas-arfitec-2022-programa-iceh","status":"publish","type":"post","link":"https:\/\/www.facet.unt.edu.ar\/sbe\/2022\/04\/26\/convocatoria-becas-arfitec-2022-programa-iceh\/","title":{"rendered":"Convocatoria Becas ARFITEC 2022 &#8211;  Programa ICEH"},"content":{"rendered":"<div id=\"pl-845\"  class=\"panel-layout\" ><div id=\"pg-845-0\"  class=\"panel-grid panel-no-style\" ><div id=\"pgc-845-0-0\"  class=\"panel-grid-cell\" ><div id=\"panel-845-0-0-0\" class=\"so-panel widget widget_black-studio-tinymce widget_black_studio_tinymce panel-first-child panel-last-child\" data-index=\"0\" ><div class=\"textwidget\"><p><img class=\"aligncenter size-full wp-image-846\" src=\"https:\/\/www.facet.unt.edu.ar\/sbe\/wp-content\/uploads\/sites\/77\/2022\/04\/BECAS-ARFITEC-2022-Programa-ICEH.png\" alt=\"\" width=\"1300\" height=\"1300\" \/><\/p>\n<\/div><\/div><\/div><div id=\"pgc-845-0-1\"  class=\"panel-grid-cell\" ><div id=\"panel-845-0-1-0\" class=\"so-panel widget widget_sow-editor panel-first-child panel-last-child\" data-index=\"1\" ><div\n\t\t\t\n\t\t\tclass=\"so-widget-sow-editor so-widget-sow-editor-base\"\n\t\t\t\n\t\t>\n<div class=\"siteorigin-widget-tinymce textwidget\">\n\t<p style=\"text-align: justify;\">Se invita a los alumnos de INGENIER\u00cdA CIVIL de la FACET a postular para BECAS DE ESTUDIO ARFITEC - Programa ICEH, por 6 meses en Francia, en el Institut Sup\u00e9rieur Aquitain du B\u00e2timent et des Travaux Publics (www.isabtp.univ-pau.fr).<\/p>\n<p style=\"text-align: justify;\"><span style=\"text-decoration: underline;\">Per\u00edodo de la beca<\/span>: 6 meses (Septiembre 2022 a Febrero 2023 o Febrero 2023 a Julio 2023).<\/p>\n<p style=\"text-align: justify;\">Requisito\/s: Alumnos de la carrera de INGENIER\u00cdA CIVIL de la FACET, con la carrera aprobada entre el 60% y el 90%, buen promedio acad\u00e9mico, idioma franc\u00e9s con nivel B1.<\/p>\n<p style=\"text-align: justify;\">Los postulantes deben enviar CV, certificados (anal\u00edtico de la carrera y de suficiencia de idiomas) y una nota de motivaci\u00f3n hasta el 15\/05\/2022 a: <a href=\"mailto:arfitec.1517@gmail.com\" target=\"_blank\" rel=\"noopener\">arfitec.1517@gmail.com<\/a><\/p>\n<p style=\"text-align: justify;\">ARFITEC financia los gastos para mantenimiento y pasaje.<\/p>\n<p style=\"text-align: justify;\">Mayor informaci\u00f3n en el Instituto de Alta Tensi\u00f3n &amp; Transmisi\u00f3n de Energ\u00eda, Oficina E4-0-10.<\/p>\n<\/div>\n<\/div><\/div><\/div><\/div><\/div>","protected":false},"excerpt":{"rendered":"<p>Se invita a los alumnos de INGENIER\u00cdA CIVIL de la FACET a postular para BECAS DE ESTUDIO ARFITEC &#8211; Programa ICEH, por 6 meses en Francia, en el Institut Sup\u00e9rieur Aquitain du B\u00e2timent et des Travaux Publics (www.isabtp.univ-pau.fr).Per\u00edodo de la beca: 6 meses (Septiembre 2022 a Febrero 2023 o Febrero 2023 a Julio 2023).Requisito\/s: Alumnos [&hellip;]<\/p>\n","protected":false},"author":6,"featured_media":846,"comment_status":"closed","ping_status":"closed","sticky":false,"template":"","format":"standard","meta":[],"categories":[9,4],"tags":[],"_links":{"self":[{"href":"https:\/\/www.facet.unt.edu.ar\/sbe\/wp-json\/wp\/v2\/posts\/845"}],"collection":[{"href":"https:\/\/www.facet.unt.edu.ar\/sbe\/wp-json\/wp\/v2\/posts"}],"about":[{"href":"https:\/\/www.facet.unt.edu.ar\/sbe\/wp-json\/wp\/v2\/types\/post"}],"author":[{"embeddable":true,"href":"https:\/\/www.facet.unt.edu.ar\/sbe\/wp-json\/wp\/v2\/users\/6"}],"replies":[{"embeddable":true,"href":"https:\/\/www.facet.unt.edu.ar\/sbe\/wp-json\/wp\/v2\/comments?post=845"}],"version-history":[{"count":2,"href":"https:\/\/www.facet.unt.edu.ar\/sbe\/wp-json\/wp\/v2\/posts\/845\/revisions"}],"predecessor-version":[{"id":851,"href":"https:\/\/www.facet.unt.edu.ar\/sbe\/wp-json\/wp\/v2\/posts\/845\/revisions\/851"}],"wp:featuredmedia":[{"embeddable":true,"href":"https:\/\/www.facet.unt.edu.ar\/sbe\/wp-json\/wp\/v2\/media\/846"}],"wp:attachment":[{"href":"https:\/\/www.facet.unt.edu.ar\/sbe\/wp-json\/wp\/v2\/media?parent=845"}],"wp:term":[{"taxonomy":"category","embeddable":true,"href":"https:\/\/www.facet.unt.edu.ar\/sbe\/wp-json\/wp\/v2\/categories?post=845"},{"taxonomy":"post_tag","embeddable":true,"href":"https:\/\/www.facet.unt.edu.ar\/sbe\/wp-json\/wp\/v2\/tags?post=845"}],"curies":[{"name":"wp","href":"https:\/\/api.w.org\/{rel}","templated":true}]}}