{"id":864,"date":"2022-05-03T22:14:02","date_gmt":"2022-05-04T01:14:02","guid":{"rendered":"https:\/\/www.facet.unt.edu.ar\/sbe\/?p=864"},"modified":"2022-05-03T22:14:04","modified_gmt":"2022-05-04T01:14:04","slug":"busqueda-laboral-analista-mecanico-refinor","status":"publish","type":"post","link":"https:\/\/www.facet.unt.edu.ar\/sbe\/2022\/05\/03\/busqueda-laboral-analista-mecanico-refinor\/","title":{"rendered":"B\u00fasqueda Laboral Analista Mec\u00e1nico \u2013 Refinor"},"content":{"rendered":"<div id=\"pl-864\"  class=\"panel-layout\"><div id=\"pg-864-0\"  class=\"panel-grid panel-no-style\"><div id=\"pgc-864-0-0\"  class=\"panel-grid-cell\"><div id=\"panel-864-0-0-0\" class=\"so-panel widget widget_black-studio-tinymce widget_black_studio_tinymce panel-first-child panel-last-child\" data-index=\"0\"><div class=\"textwidget\"><p><img class=\"aligncenter size-full wp-image-865\" src=\"https:\/\/www.facet.unt.edu.ar\/sbe\/wp-content\/uploads\/sites\/77\/2022\/05\/busqueda-laboral-refinor-mecanica.png\" alt=\"\" width=\"1300\" height=\"1300\" \/><\/p>\n<\/div><\/div><\/div><div id=\"pgc-864-0-1\"  class=\"panel-grid-cell\"><div id=\"panel-864-0-1-0\" class=\"so-panel widget widget_sow-editor panel-first-child panel-last-child\" data-index=\"1\"><div\n\t\t\t\n\t\t\tclass=\"so-widget-sow-editor so-widget-sow-editor-base\">\n<div class=\"siteorigin-widget-tinymce textwidget\">\n\t<p style=\"text-align: justify;\">Refinor se encuentra en la b\u00fasqueda de un\/a graduado\/a de la carrera de Ingenier\u00eda Mec\u00e1nica de la FACET, con cinco a\u00f1os de experiencia en gesti\u00f3n de proyectos, preferentemente en el rubro Oil&amp;Gas para desempe\u00f1arse en su Planta de Banda de R\u00edo Sal\u00ed, Tucum\u00e1n.<\/p>\n<p style=\"text-align: justify;\">PRINCIPALES RESPONSABILIDADES:<br \/>\u2022 Participar en la elaboraci\u00f3n de pliegos t\u00e9cnicos y en la revisi\u00f3n de proyectos de nuevas instalaciones.<br \/>\u2022 Proponer soluciones t\u00e9cnicas, coordinar recursos y evaluar proyectos de inversi\u00f3n.<br \/>\u2022 Gestionar la disponibilidad en almac\u00e9n de repuestos para equipos mec\u00e1nicos.<br \/>\u2022 Colaborar en la actualizaci\u00f3n de los procedimientos del sector. <\/p><\/div><\/div><\/div><\/div><\/div><\/div><p><a class=\"more-link\" href=\"https:\/\/www.facet.unt.edu.ar\/sbe\/2022\/05\/03\/busqueda-laboral-analista-mecanico-refinor\/\">Leer m\u00e1s<span class=\"meta-nav\">&rarr;<\/span><\/a><\/p>","protected":false},"excerpt":{"rendered":"<p>Refinor se encuentra en la b\u00fasqueda de un\/a graduado\/a de la carrera de Ingenier\u00eda Mec\u00e1nica de la FACET, con cinco a\u00f1os de experiencia en gesti\u00f3n de proyectos, preferentemente en el rubro Oil&amp;Gas para desempe\u00f1arse en su Planta de Banda de R\u00edo Sal\u00ed, Tucum\u00e1n.PRINCIPALES RESPONSABILIDADES:\u2022 Participar en la elaboraci\u00f3n de pliegos t\u00e9cnicos y en la revisi\u00f3n [&hellip;]<\/p>\n","protected":false},"author":6,"featured_media":865,"comment_status":"closed","ping_status":"closed","sticky":false,"template":"","format":"standard","meta":[],"categories":[8],"tags":[],"_links":{"self":[{"href":"https:\/\/www.facet.unt.edu.ar\/sbe\/wp-json\/wp\/v2\/posts\/864"}],"collection":[{"href":"https:\/\/www.facet.unt.edu.ar\/sbe\/wp-json\/wp\/v2\/posts"}],"about":[{"href":"https:\/\/www.facet.unt.edu.ar\/sbe\/wp-json\/wp\/v2\/types\/post"}],"author":[{"embeddable":true,"href":"https:\/\/www.facet.unt.edu.ar\/sbe\/wp-json\/wp\/v2\/users\/6"}],"replies":[{"embeddable":true,"href":"https:\/\/www.facet.unt.edu.ar\/sbe\/wp-json\/wp\/v2\/comments?post=864"}],"version-history":[{"count":2,"href":"https:\/\/www.facet.unt.edu.ar\/sbe\/wp-json\/wp\/v2\/posts\/864\/revisions"}],"predecessor-version":[{"id":868,"href":"https:\/\/www.facet.unt.edu.ar\/sbe\/wp-json\/wp\/v2\/posts\/864\/revisions\/868"}],"wp:featuredmedia":[{"embeddable":true,"href":"https:\/\/www.facet.unt.edu.ar\/sbe\/wp-json\/wp\/v2\/media\/865"}],"wp:attachment":[{"href":"https:\/\/www.facet.unt.edu.ar\/sbe\/wp-json\/wp\/v2\/media?parent=864"}],"wp:term":[{"taxonomy":"category","embeddable":true,"href":"https:\/\/www.facet.unt.edu.ar\/sbe\/wp-json\/wp\/v2\/categories?post=864"},{"taxonomy":"post_tag","embeddable":true,"href":"https:\/\/www.facet.unt.edu.ar\/sbe\/wp-json\/wp\/v2\/tags?post=864"}],"curies":[{"name":"wp","href":"https:\/\/api.w.org\/{rel}","templated":true}]}}