{"id":916,"date":"2022-05-12T09:30:01","date_gmt":"2022-05-12T12:30:01","guid":{"rendered":"https:\/\/www.facet.unt.edu.ar\/sbe\/?p=916"},"modified":"2022-05-11T13:27:28","modified_gmt":"2022-05-11T16:27:28","slug":"convocatoria-lema-para-estudiantes-facet","status":"publish","type":"post","link":"https:\/\/www.facet.unt.edu.ar\/sbe\/2022\/05\/12\/convocatoria-lema-para-estudiantes-facet\/","title":{"rendered":"Convocatoria LEMA para Estudiantes FACET"},"content":{"rendered":"<div id=\"pl-916\"  class=\"panel-layout\" ><div id=\"pg-916-0\"  class=\"panel-grid panel-no-style\" ><div id=\"pgc-916-0-0\"  class=\"panel-grid-cell\" ><div id=\"panel-916-0-0-0\" class=\"so-panel widget widget_black-studio-tinymce widget_black_studio_tinymce panel-first-child panel-last-child\" data-index=\"0\" ><div class=\"textwidget\"><p><img class=\"aligncenter size-full wp-image-917\" src=\"https:\/\/www.facet.unt.edu.ar\/sbe\/wp-content\/uploads\/sites\/77\/2022\/05\/convocatoria-LEMA.png\" alt=\"\" width=\"1080\" height=\"1080\" \/><\/p>\n<\/div><\/div><\/div><div id=\"pgc-916-0-1\"  class=\"panel-grid-cell\" ><div id=\"panel-916-0-1-0\" class=\"so-panel widget widget_sow-editor panel-first-child panel-last-child\" data-index=\"1\" ><div\n\t\t\t\n\t\t\tclass=\"so-widget-sow-editor so-widget-sow-editor-base\"\n\t\t\t\n\t\t>\n<div class=\"siteorigin-widget-tinymce textwidget\">\n\t<p style=\"text-align: justify;\" align=\"justify\">El Laboratorio de Estructuras y Materiales Aeroespaciales (LEMA) de la FACET, convoca a estudiantes de 2\u00b0 y 3\u00b0 de cualquiera de las carreras de esta Facultad a integrarse para elaborar proyectos multidisciplinarios.<\/p>\n<p>Se realizar\u00e1 una reuni\u00f3n informativa el d\u00eda <strong>viernes 20 de mayo de 2022<\/strong>, a las <strong>11 hs<\/strong>, en la <strong>Sala de Audiovisuales<\/strong>, Block 3 - Primer Piso.<\/p>\n<\/div>\n<\/div><\/div><\/div><\/div><\/div>","protected":false},"excerpt":{"rendered":"<p>El Laboratorio de Estructuras y Materiales Aeroespaciales (LEMA) de la FACET, convoca a estudiantes de 2\u00b0 y 3\u00b0 de cualquiera de las carreras de esta Facultad a integrarse para elaborar proyectos multidisciplinarios.Se realizar\u00e1 una reuni\u00f3n informativa el d\u00eda viernes 20 de mayo de 2022, a las 11 hs, en la Sala de Audiovisuales, Block 3 [&hellip;]<\/p>\n","protected":false},"author":6,"featured_media":917,"comment_status":"closed","ping_status":"closed","sticky":false,"template":"","format":"standard","meta":[],"categories":[4],"tags":[],"_links":{"self":[{"href":"https:\/\/www.facet.unt.edu.ar\/sbe\/wp-json\/wp\/v2\/posts\/916"}],"collection":[{"href":"https:\/\/www.facet.unt.edu.ar\/sbe\/wp-json\/wp\/v2\/posts"}],"about":[{"href":"https:\/\/www.facet.unt.edu.ar\/sbe\/wp-json\/wp\/v2\/types\/post"}],"author":[{"embeddable":true,"href":"https:\/\/www.facet.unt.edu.ar\/sbe\/wp-json\/wp\/v2\/users\/6"}],"replies":[{"embeddable":true,"href":"https:\/\/www.facet.unt.edu.ar\/sbe\/wp-json\/wp\/v2\/comments?post=916"}],"version-history":[{"count":2,"href":"https:\/\/www.facet.unt.edu.ar\/sbe\/wp-json\/wp\/v2\/posts\/916\/revisions"}],"predecessor-version":[{"id":919,"href":"https:\/\/www.facet.unt.edu.ar\/sbe\/wp-json\/wp\/v2\/posts\/916\/revisions\/919"}],"wp:featuredmedia":[{"embeddable":true,"href":"https:\/\/www.facet.unt.edu.ar\/sbe\/wp-json\/wp\/v2\/media\/917"}],"wp:attachment":[{"href":"https:\/\/www.facet.unt.edu.ar\/sbe\/wp-json\/wp\/v2\/media?parent=916"}],"wp:term":[{"taxonomy":"category","embeddable":true,"href":"https:\/\/www.facet.unt.edu.ar\/sbe\/wp-json\/wp\/v2\/categories?post=916"},{"taxonomy":"post_tag","embeddable":true,"href":"https:\/\/www.facet.unt.edu.ar\/sbe\/wp-json\/wp\/v2\/tags?post=916"}],"curies":[{"name":"wp","href":"https:\/\/api.w.org\/{rel}","templated":true}]}}