{"id":946,"date":"2022-05-16T22:19:18","date_gmt":"2022-05-17T01:19:18","guid":{"rendered":"https:\/\/www.facet.unt.edu.ar\/sbe\/?p=946"},"modified":"2022-05-16T22:20:40","modified_gmt":"2022-05-17T01:20:40","slug":"invitacion-al-museo-de-la-luz-2022","status":"publish","type":"post","link":"https:\/\/www.facet.unt.edu.ar\/sbe\/2022\/05\/16\/invitacion-al-museo-de-la-luz-2022\/","title":{"rendered":"Invitaci\u00f3n al Museo de La Luz 2022"},"content":{"rendered":"<div id=\"pl-946\"  class=\"panel-layout\"><div id=\"pg-946-0\"  class=\"panel-grid panel-no-style\"><div id=\"pgc-946-0-0\"  class=\"panel-grid-cell\"><div id=\"panel-946-0-0-0\" class=\"so-panel widget widget_black-studio-tinymce widget_black_studio_tinymce panel-first-child panel-last-child\" data-index=\"0\"><div class=\"textwidget\"><p><img class=\"aligncenter size-full wp-image-947\" src=\"https:\/\/www.facet.unt.edu.ar\/sbe\/wp-content\/uploads\/sites\/77\/2022\/05\/MUSEO-DE-LA-LUZ-2022.jpeg\" alt=\"\" width=\"1200\" height=\"1011\" \/><\/p>\n<\/div><\/div><\/div><div id=\"pgc-946-0-1\"  class=\"panel-grid-cell\"><div id=\"panel-946-0-1-0\" class=\"so-panel widget widget_sow-editor panel-first-child panel-last-child\" data-index=\"1\"><div\n\t\t\t\n\t\t\tclass=\"so-widget-sow-editor so-widget-sow-editor-base\">\n<div class=\"siteorigin-widget-tinymce textwidget\">\n\t<p style=\"text-align: justify;\">El\u00a0Museo\u00a0de la\u00a0Luz\u00a0abre sus puertas a partir de este 17 de mayo y se extender\u00e1 hasta el 08 de julio en las instalaciones del Departamento de Luminotecnia,\u00a0Luz\u00a0y Visi\u00f3n (DLLyV) de la FACET. El mismo podr\u00e1 visitarse de lunes a viernes, de 9 a 12 y de 15 a 18 hs.<\/p>\n<p style=\"text-align: justify;\">El evento, libre y gratuito, est\u00e1 destinado a estudiantes, graduados, docentes y al p\u00fablico en general. En el mismo se puede apreciar una amplia variedad de trucos cient\u00edficos creados por ilusiones \u00f3pticas a partir del uso de la luz.<\/p>\n<p style=\"text-align: justify;\">El motivo principal del evento es celebrar el \u201cD\u00eda Internacional de la Luz\u201d, declarado por la UNESCO el 16 de mayo, mediante diversas actividades interactivas, con el objetivo de difundir y resaltar el papel fundamental que desempe\u00f1a la luz en la vida cotidiana de las personas bajo el lema \u201cAprender jugando\u201d.<\/p><\/div><\/div><\/div><\/div><\/div><\/div><p><a class=\"more-link\" href=\"https:\/\/www.facet.unt.edu.ar\/sbe\/2022\/05\/16\/invitacion-al-museo-de-la-luz-2022\/\">Leer m\u00e1s<span class=\"meta-nav\">&rarr;<\/span><\/a><\/p>","protected":false},"excerpt":{"rendered":"<p>El\u00a0Museo\u00a0de la\u00a0Luz\u00a0abre sus puertas a partir de este 17 de mayo y se extender\u00e1 hasta el 08 de julio en las instalaciones del Departamento de Luminotecnia,\u00a0Luz\u00a0y Visi\u00f3n (DLLyV) de la FACET. El mismo podr\u00e1 visitarse de lunes a viernes, de 9 a 12 y de 15 a 18 hs. El evento, libre y gratuito, est\u00e1 [&hellip;]<\/p>\n","protected":false},"author":6,"featured_media":947,"comment_status":"closed","ping_status":"closed","sticky":false,"template":"","format":"standard","meta":[],"categories":[4],"tags":[],"_links":{"self":[{"href":"https:\/\/www.facet.unt.edu.ar\/sbe\/wp-json\/wp\/v2\/posts\/946"}],"collection":[{"href":"https:\/\/www.facet.unt.edu.ar\/sbe\/wp-json\/wp\/v2\/posts"}],"about":[{"href":"https:\/\/www.facet.unt.edu.ar\/sbe\/wp-json\/wp\/v2\/types\/post"}],"author":[{"embeddable":true,"href":"https:\/\/www.facet.unt.edu.ar\/sbe\/wp-json\/wp\/v2\/users\/6"}],"replies":[{"embeddable":true,"href":"https:\/\/www.facet.unt.edu.ar\/sbe\/wp-json\/wp\/v2\/comments?post=946"}],"version-history":[{"count":4,"href":"https:\/\/www.facet.unt.edu.ar\/sbe\/wp-json\/wp\/v2\/posts\/946\/revisions"}],"predecessor-version":[{"id":951,"href":"https:\/\/www.facet.unt.edu.ar\/sbe\/wp-json\/wp\/v2\/posts\/946\/revisions\/951"}],"wp:featuredmedia":[{"embeddable":true,"href":"https:\/\/www.facet.unt.edu.ar\/sbe\/wp-json\/wp\/v2\/media\/947"}],"wp:attachment":[{"href":"https:\/\/www.facet.unt.edu.ar\/sbe\/wp-json\/wp\/v2\/media?parent=946"}],"wp:term":[{"taxonomy":"category","embeddable":true,"href":"https:\/\/www.facet.unt.edu.ar\/sbe\/wp-json\/wp\/v2\/categories?post=946"},{"taxonomy":"post_tag","embeddable":true,"href":"https:\/\/www.facet.unt.edu.ar\/sbe\/wp-json\/wp\/v2\/tags?post=946"}],"curies":[{"name":"wp","href":"https:\/\/api.w.org\/{rel}","templated":true}]}}