{"id":507,"date":"2024-06-10T15:42:38","date_gmt":"2024-06-10T18:42:38","guid":{"rendered":"https:\/\/www.facet.unt.edu.ar\/tecfisicaambiental\/?p=507"},"modified":"2025-10-13T11:12:32","modified_gmt":"2025-10-13T14:12:32","slug":"dia-mundial-del-medio-ambiente-2024-2","status":"publish","type":"post","link":"https:\/\/www.facet.unt.edu.ar\/tecfisicaambiental\/2024\/06\/10\/dia-mundial-del-medio-ambiente-2024-2\/","title":{"rendered":"D\u00eda Mundial del Medio Ambiente 2024"},"content":{"rendered":"<div id=\"metaslider-id-423\" style=\"width: 100%; margin: 0 auto;\" class=\"ml-slider-3-27-5 metaslider metaslider-flex metaslider-423 ml-slider nav-hidden\">\n    <div id=\"metaslider_container_423\">\n        <div id=\"metaslider_423\">\n            <ul aria-live=\"polite\" class=\"slides\">\n                <li style=\"display: none; width: 100%;\" class=\"slide-502 ms-image\"><img src=\"https:\/\/www.facet.unt.edu.ar\/tecfisicaambiental\/wp-content\/uploads\/sites\/56\/2024\/06\/IMG_2136.jpg\" height=\"300\" width=\"300\" alt=\"\" class=\"slider-423 slide-502\" title=\"IMG_2136\" \/><\/li>\n                <li style=\"display: none; width: 100%;\" class=\"slide-488 ms-image\"><img src=\"https:\/\/www.facet.unt.edu.ar\/tecfisicaambiental\/wp-content\/uploads\/sites\/56\/2024\/06\/unnamed-2-1.jpg\" height=\"300\" width=\"300\" alt=\"\" class=\"slider-423 slide-488\" title=\"unnamed (2)\" \/><\/li>\n                <li style=\"display: none; width: 100%;\" class=\"slide-500 ms-image\"><img src=\"https:\/\/www.facet.unt.edu.ar\/tecfisicaambiental\/wp-content\/uploads\/sites\/56\/2024\/06\/IMG_2154.jpg\" height=\"300\" width=\"300\" alt=\"\" class=\"slider-423 slide-500\" title=\"IMG_2154\" \/><\/li>\n                <li style=\"display: none; width: 100%;\" class=\"slide-499 ms-image\"><img src=\"https:\/\/www.facet.unt.edu.ar\/tecfisicaambiental\/wp-content\/uploads\/sites\/56\/2024\/06\/unnamed-3-1.jpg\" height=\"300\" width=\"300\" alt=\"\" class=\"slider-423 slide-499\" title=\"unnamed (3)\" \/><\/li>\n                <li style=\"display: none; width: 100%;\" class=\"slide-489 ms-image\"><img src=\"https:\/\/www.facet.unt.edu.ar\/tecfisicaambiental\/wp-content\/uploads\/sites\/56\/2024\/06\/unnamed-1-1.jpg\" height=\"300\" width=\"300\" alt=\"\" class=\"slider-423 slide-489\" title=\"unnamed (1)\" \/><\/li>\n                <li style=\"display: none; width: 100%;\" class=\"slide-503 ms-image\"><img src=\"https:\/\/www.facet.unt.edu.ar\/tecfisicaambiental\/wp-content\/uploads\/sites\/56\/2024\/06\/IMG_2151.jpg\" height=\"300\" width=\"300\" alt=\"\" class=\"slider-423 slide-503\" title=\"IMG_2151\" \/><\/li>\n            <\/ul>\n        <\/div>\n        \n    <\/div>\n<\/div>\n<p>El s\u00e1bado 8 de junio en el Palacio de los Deportes, ubicado en el Parque 9 de julio, se llev\u00f3 a cabo una jornada de concientizaci\u00f3n, organizada por la Municipalidad de San Miguel de Tucum\u00e1n, en el marco del festejo del D\u00eda Mundial del Medio Ambiente, que se conmemor\u00f3 el 5 de junio. Donde se desarroll\u00f3 una Feria de Ciencia Ambiental y Olimp\u00edadas Ambientales.<\/p>\n<p>El evento fue encabezado por la Intendenta Rossana Chahla, junto a la secretaria de Ambiente y Desarrollo Sustentable, Julieta Migliavacca y el actor y activista ambiental Facundo Arana.<\/p>\n<p>Convocados por el Municipio, m\u00e1s de 100 estudiantes de escuelas p\u00fablicas y privadas de nivel primario, secundario y universitario participaron de las Olimp\u00edadas y demostraron sus conocimientos en temas como recursos naturales, reciclaje y tiempo de degradaci\u00f3n de los distintos tipos de residuos, entre otros.<\/p>\n<p>La FACET estuvo presente en la jornada, desde la Tecnicatura Universitaria en F\u00edsica Ambiental (TUFA) presentaron un stand promocionando la carrera, acompa\u00f1ados por nuestra Secretaria de Gesti\u00f3n y Extensi\u00f3n, Ing. Nora Perotti, y los docentes de la carrera; la Mg. Lic. Mar\u00eda Laura Molina y el Lic. Axel Hemsy.\u00a0 Tambi\u00e9n el alumno Hugo Ardiles present\u00f3 un proyecto en la Feria de Ciencias titulado \u201cAutomatizaci\u00f3n de Reciclaje: clasificador de basura\u201d por el que sali\u00f3 premiado en primer lugar, en nivel universitario.<\/p>\n<p>Adem\u00e1s, participaron en las Olimp\u00edadas los alumnos; Nerea Medina, Roque \u00c1lvarez y Hugo Ardiles, saliendo \u00e9ste en segundo lugar.<\/p>\n<p>&nbsp;<\/p>\n<p>Nota extra\u00edda de:\u00a0<a href=\"https:\/\/www.facet.unt.edu.ar\/facetinforma\/2024\/06\/10\/orgullo-facet-dia-mundial-del-medio-ambiente\/\">https:\/\/www.facet.unt.edu.ar\/facetinforma\/2024\/06\/10\/orgullo-facet-dia-mundial-del-medio-ambiente\/<\/a><\/p>\n","protected":false},"excerpt":{"rendered":"<p>El s\u00e1bado 8 de junio en el Palacio de los Deportes, ubicado en el Parque 9 de julio, se llev\u00f3 a cabo una jornada de concientizaci\u00f3n, organizada por la Municipalidad de San Miguel de Tucum\u00e1n, en el marco del festejo del D\u00eda Mundial del Medio Ambiente, que se conmemor\u00f3 el 5 de junio. Donde se [&hellip;]<\/p>\n","protected":false},"author":123519,"featured_media":0,"comment_status":"closed","ping_status":"closed","sticky":false,"template":"","format":"standard","meta":[],"categories":[1],"tags":[],"_links":{"self":[{"href":"https:\/\/www.facet.unt.edu.ar\/tecfisicaambiental\/wp-json\/wp\/v2\/posts\/507"}],"collection":[{"href":"https:\/\/www.facet.unt.edu.ar\/tecfisicaambiental\/wp-json\/wp\/v2\/posts"}],"about":[{"href":"https:\/\/www.facet.unt.edu.ar\/tecfisicaambiental\/wp-json\/wp\/v2\/types\/post"}],"author":[{"embeddable":true,"href":"https:\/\/www.facet.unt.edu.ar\/tecfisicaambiental\/wp-json\/wp\/v2\/users\/123519"}],"replies":[{"embeddable":true,"href":"https:\/\/www.facet.unt.edu.ar\/tecfisicaambiental\/wp-json\/wp\/v2\/comments?post=507"}],"version-history":[{"count":2,"href":"https:\/\/www.facet.unt.edu.ar\/tecfisicaambiental\/wp-json\/wp\/v2\/posts\/507\/revisions"}],"predecessor-version":[{"id":561,"href":"https:\/\/www.facet.unt.edu.ar\/tecfisicaambiental\/wp-json\/wp\/v2\/posts\/507\/revisions\/561"}],"wp:attachment":[{"href":"https:\/\/www.facet.unt.edu.ar\/tecfisicaambiental\/wp-json\/wp\/v2\/media?parent=507"}],"wp:term":[{"taxonomy":"category","embeddable":true,"href":"https:\/\/www.facet.unt.edu.ar\/tecfisicaambiental\/wp-json\/wp\/v2\/categories?post=507"},{"taxonomy":"post_tag","embeddable":true,"href":"https:\/\/www.facet.unt.edu.ar\/tecfisicaambiental\/wp-json\/wp\/v2\/tags?post=507"}],"curies":[{"name":"wp","href":"https:\/\/api.w.org\/{rel}","templated":true}]}}