{"id":217,"date":"2022-06-27T18:21:26","date_gmt":"2022-06-27T21:21:26","guid":{"rendered":"https:\/\/www.facet.unt.edu.ar\/tiitucuman\/?p=217"},"modified":"2022-07-06T00:23:39","modified_gmt":"2022-07-06T03:23:39","slug":"presentacion-del-proyecto-tecnologias-e-innovacion-para-la-inclusion-2","status":"publish","type":"post","link":"https:\/\/www.facet.unt.edu.ar\/tiitucuman\/2022\/06\/27\/presentacion-del-proyecto-tecnologias-e-innovacion-para-la-inclusion-2\/","title":{"rendered":"Presentaci\u00f3n del Proyecto &#8220;Tecnolog\u00edas e Innovaci\u00f3n para la Inclusi\u00f3n&#8221;"},"content":{"rendered":"<div id=\"pl-217\"  class=\"panel-layout\"><div id=\"pg-217-0\"  class=\"panel-grid panel-no-style\"><div id=\"pgc-217-0-0\"  class=\"panel-grid-cell\"><div id=\"panel-217-0-0-0\" class=\"so-panel widget widget_black-studio-tinymce widget_black_studio_tinymce panel-first-child panel-last-child\" data-index=\"0\"><div class=\"textwidget\"><p><a href=\"https:\/\/www.facet.unt.edu.ar\/tiitucuman\/wp-content\/uploads\/sites\/83\/2022\/07\/Imagen-Ilustrativa-Presentacion.jpg\"><img class=\"alignnone size-full wp-image-218\" src=\"https:\/\/www.facet.unt.edu.ar\/tiitucuman\/wp-content\/uploads\/sites\/83\/2022\/07\/Imagen-Ilustrativa-Presentacion.jpg\" alt=\"\" width=\"1500\" height=\"1000\" \/><\/a><\/p>\n<\/div><\/div><\/div><div id=\"pgc-217-0-1\"  class=\"panel-grid-cell\"><div id=\"panel-217-0-1-0\" class=\"so-panel widget widget_sow-editor panel-first-child panel-last-child\" data-index=\"1\"><div\n\t\t\t\n\t\t\tclass=\"so-widget-sow-editor so-widget-sow-editor-base\">\n<div class=\"siteorigin-widget-tinymce textwidget\">\n\t<p><span style=\"font-family: arial, helvetica, sans-serif;\">En un acto que cont\u00f3, en su fase inicial, con la presencia masiva de funcionarios de jerarqu\u00eda, p\u00fablico e interesados, y de los medios de Comunicaci\u00f3n, se realiz\u00f3 el acto el acto protocolar de lanzamiento del proyecto<\/span><\/p>\n<p><span style=\"font-family: arial, helvetica, sans-serif;\"><\/span><\/p><\/div><\/div><\/div><\/div><\/div><\/div><p><a class=\"more-link\" href=\"https:\/\/www.facet.unt.edu.ar\/tiitucuman\/2022\/06\/27\/presentacion-del-proyecto-tecnologias-e-innovacion-para-la-inclusion-2\/\">Leer m\u00e1s<span class=\"meta-nav\">&rarr;<\/span><\/a><\/p>","protected":false},"excerpt":{"rendered":"<p>En un acto que cont\u00f3, en su fase inicial, con la presencia masiva de funcionarios de jerarqu\u00eda, p\u00fablico e interesados, y de los medios de Comunicaci\u00f3n, se realiz\u00f3 el acto el acto protocolar de lanzamiento del proyecto En lo que fue la primera de las jornadas del transcendental proyecto, la actividad inicio a primera hora [&hellip;]<\/p>\n","protected":false},"author":123470,"featured_media":219,"comment_status":"closed","ping_status":"closed","sticky":false,"template":"","format":"standard","meta":[],"categories":[4],"tags":[],"_links":{"self":[{"href":"https:\/\/www.facet.unt.edu.ar\/tiitucuman\/wp-json\/wp\/v2\/posts\/217"}],"collection":[{"href":"https:\/\/www.facet.unt.edu.ar\/tiitucuman\/wp-json\/wp\/v2\/posts"}],"about":[{"href":"https:\/\/www.facet.unt.edu.ar\/tiitucuman\/wp-json\/wp\/v2\/types\/post"}],"author":[{"embeddable":true,"href":"https:\/\/www.facet.unt.edu.ar\/tiitucuman\/wp-json\/wp\/v2\/users\/123470"}],"replies":[{"embeddable":true,"href":"https:\/\/www.facet.unt.edu.ar\/tiitucuman\/wp-json\/wp\/v2\/comments?post=217"}],"version-history":[{"count":5,"href":"https:\/\/www.facet.unt.edu.ar\/tiitucuman\/wp-json\/wp\/v2\/posts\/217\/revisions"}],"predecessor-version":[{"id":225,"href":"https:\/\/www.facet.unt.edu.ar\/tiitucuman\/wp-json\/wp\/v2\/posts\/217\/revisions\/225"}],"wp:featuredmedia":[{"embeddable":true,"href":"https:\/\/www.facet.unt.edu.ar\/tiitucuman\/wp-json\/wp\/v2\/media\/219"}],"wp:attachment":[{"href":"https:\/\/www.facet.unt.edu.ar\/tiitucuman\/wp-json\/wp\/v2\/media?parent=217"}],"wp:term":[{"taxonomy":"category","embeddable":true,"href":"https:\/\/www.facet.unt.edu.ar\/tiitucuman\/wp-json\/wp\/v2\/categories?post=217"},{"taxonomy":"post_tag","embeddable":true,"href":"https:\/\/www.facet.unt.edu.ar\/tiitucuman\/wp-json\/wp\/v2\/tags?post=217"}],"curies":[{"name":"wp","href":"https:\/\/api.w.org\/{rel}","templated":true}]}}