{"id":28,"date":"2022-04-26T17:52:15","date_gmt":"2022-04-26T17:52:15","guid":{"rendered":"https:\/\/www.facet.unt.edu.ar\/utd\/?p=28"},"modified":"2022-04-29T14:09:42","modified_gmt":"2022-04-29T14:09:42","slug":"la-unt-fue-seleccionada-para-ser-unidad-de-transformacion-digital-en-el-noa","status":"publish","type":"post","link":"https:\/\/www.facet.unt.edu.ar\/utd\/2022\/04\/26\/la-unt-fue-seleccionada-para-ser-unidad-de-transformacion-digital-en-el-noa\/","title":{"rendered":"La UNT fue seleccionada para ser Unidad de Transformaci\u00f3n Digital en el NOA"},"content":{"rendered":"<p><span style=\"font-weight: 400;\">El Ministerio de Desarrollo Productivo de la Naci\u00f3n, a trav\u00e9s de la Secretar\u00eda de la Peque\u00f1a y Mediana Empresa y los Emprendedores, con el apoyo del Programa de las Naciones Unidas para el Desarrollo, aprob\u00f3 la asistencia de servicios de consultor\u00eda para la creaci\u00f3n y puesta en marcha de <\/span><b>Unidades de Transformaci\u00f3n Digital (UTD)<\/b><span style=\"font-weight: 400;\">, distribuidas de manera federal y creadas con el objetivo de aumentar la productividad y competitividad de las <\/span><b>MiPyMEs,<\/b><span style=\"font-weight: 400;\"> mediante la adopci\u00f3n de tecnolog\u00edas y habilidades digitales.<\/span><\/p>\n<blockquote><p><span style=\"font-weight: 400;\">\u201cDesde el Ministerio de Desarrollo Productivo pusimos en marcha m\u00e1s de 50 programas para impulsar la industria 4.0. En momentos donde los cambios tecnol\u00f3gicos se producen cada vez a mayor velocidad, dise\u00f1amos herramientas para acompa\u00f1ar a las PyMEs en su transformaci\u00f3n digital, en los procesos de innovaci\u00f3n y fortalecimiento de sus capacidades productivas\u201d, resalt\u00f3 el secretario de la <strong>Peque\u00f1a y Mediana Empresa y los Emprendedores<\/strong>,<strong> Guillermo Merediz<\/strong>.<\/span><\/p><\/blockquote>\n<p><span style=\"font-weight: 400;\">En el marco de este proyecto y a partir de un riguroso proceso de selecci\u00f3n, la <\/span><b>Universidad Nacional de Tucum\u00e1n<\/b><span style=\"font-weight: 400;\">, a trav\u00e9s de la <\/span><b>Sec. de Gesti\u00f3n y Extensi\u00f3n de la Facultad de Ciencias Exactas y Tecnolog\u00eda<\/b><span style=\"font-weight: 400;\">, fue seleccionada como <\/span><b>UTD<\/b><span style=\"font-weight: 400;\"> en el <\/span><b>NOA<\/b><span style=\"font-weight: 400;\">.<\/span><\/p>\n<p><span style=\"font-weight: 400;\">Desde abril, el equipo de profesionales tucumanos que conforman este ambicioso proyecto, trabajar\u00e1 en la planificaci\u00f3n y el desarrollo de las primeras capacitaciones destinadas a brindar herramientas tecnol\u00f3gicas a emprendedores y a las<\/span><b> MiPyMEs <\/b><span style=\"font-weight: 400;\">de la provincia y del norte grande del pa\u00eds.<\/span><\/p>\n<blockquote><p><span style=\"font-weight: 400;\">\u201c<\/span><i><span style=\"font-weight: 400;\">En un contexto tan cambiante como en el que vivimos, la Transformaci\u00f3n Digital, es la clave para el progreso y el crecimiento de las peque\u00f1as y medianas empresas.<\/span><\/i> <i><span style=\"font-weight: 400;\">Poner al alcance de la comunidad las herramientas tecnol\u00f3gicas necesarias y contribuir en este proceso de transici\u00f3n al mundo digital es un gran desaf\u00edo que asumimos con mucho entusiasmo.<\/span><\/i><span style=\"font-weight: 400;\">\u201d <\/span><b>Ing. Esteban Saborido <\/b><span style=\"font-weight: 400;\">(Coordinador de la UTD UNT)<\/span><\/p><\/blockquote>\n<p><span style=\"font-weight: 400;\">La primera capacitaci\u00f3n de la<\/span><b> UTD UNT<\/b><span style=\"font-weight: 400;\"> comenzar\u00e1 en mayo con un taller de sensibilizaci\u00f3n sobre tem\u00e1ticas de transformaci\u00f3n digital.<\/span><\/p>\n<p>&nbsp;<\/p>\n","protected":false},"excerpt":{"rendered":"<p>El Ministerio de Desarrollo Productivo de la Naci\u00f3n, a trav\u00e9s de la Secretar\u00eda de la Peque\u00f1a y Mediana Empresa y los Emprendedores, con el apoyo del Programa de las Naciones Unidas para el Desarrollo, aprob\u00f3 la asistencia de servicios de consultor\u00eda para la creaci\u00f3n y puesta en marcha de Unidades de Transformaci\u00f3n Digital (UTD), distribuidas [&hellip;]<\/p>\n","protected":false},"author":123477,"featured_media":29,"comment_status":"closed","ping_status":"closed","sticky":false,"template":"","format":"standard","meta":[],"categories":[4],"tags":[],"_links":{"self":[{"href":"https:\/\/www.facet.unt.edu.ar\/utd\/wp-json\/wp\/v2\/posts\/28"}],"collection":[{"href":"https:\/\/www.facet.unt.edu.ar\/utd\/wp-json\/wp\/v2\/posts"}],"about":[{"href":"https:\/\/www.facet.unt.edu.ar\/utd\/wp-json\/wp\/v2\/types\/post"}],"author":[{"embeddable":true,"href":"https:\/\/www.facet.unt.edu.ar\/utd\/wp-json\/wp\/v2\/users\/123477"}],"replies":[{"embeddable":true,"href":"https:\/\/www.facet.unt.edu.ar\/utd\/wp-json\/wp\/v2\/comments?post=28"}],"version-history":[{"count":1,"href":"https:\/\/www.facet.unt.edu.ar\/utd\/wp-json\/wp\/v2\/posts\/28\/revisions"}],"predecessor-version":[{"id":30,"href":"https:\/\/www.facet.unt.edu.ar\/utd\/wp-json\/wp\/v2\/posts\/28\/revisions\/30"}],"wp:featuredmedia":[{"embeddable":true,"href":"https:\/\/www.facet.unt.edu.ar\/utd\/wp-json\/wp\/v2\/media\/29"}],"wp:attachment":[{"href":"https:\/\/www.facet.unt.edu.ar\/utd\/wp-json\/wp\/v2\/media?parent=28"}],"wp:term":[{"taxonomy":"category","embeddable":true,"href":"https:\/\/www.facet.unt.edu.ar\/utd\/wp-json\/wp\/v2\/categories?post=28"},{"taxonomy":"post_tag","embeddable":true,"href":"https:\/\/www.facet.unt.edu.ar\/utd\/wp-json\/wp\/v2\/tags?post=28"}],"curies":[{"name":"wp","href":"https:\/\/api.w.org\/{rel}","templated":true}]}}