{"id":653,"date":"2022-06-25T00:26:11","date_gmt":"2022-06-25T00:26:11","guid":{"rendered":"https:\/\/www.facet.unt.edu.ar\/utd\/?p=653"},"modified":"2022-07-22T22:36:02","modified_gmt":"2022-07-22T22:36:02","slug":"2do-taller-de-sensibilizacion-beneficios-y-desafios-de-la-transformacion-digital","status":"publish","type":"post","link":"https:\/\/www.facet.unt.edu.ar\/utd\/2022\/06\/25\/2do-taller-de-sensibilizacion-beneficios-y-desafios-de-la-transformacion-digital\/","title":{"rendered":"2do. Taller de Sensibilizaci\u00f3n: &#8220;Beneficios y desaf\u00edos de la Transformaci\u00f3n Digital&#8221;"},"content":{"rendered":"<p>La\u00a0<b>Unidad de Transformaci\u00f3n Digital de la UNT<\/b>\u00a0invita a las\u00a0<strong>MiPyME<\/strong> del NOA (Tucum\u00e1n-Salta- Jujuy &#8211; Santiago del Estero y Catamarca), a participar del segundo Taller de Sensibilizaci\u00f3n, titulado <em><strong>&#8220;Beneficios y desaf\u00edos de la Transformaci\u00f3n Digital&#8221;<\/strong><\/em>. El mismo se llevar\u00e1 a cabo el pr\u00f3ximo martes <strong>26 de julio<\/strong>, de 17 a 20 hs. en la Facultad de Ciencias Exactas y Tecnolog\u00eda (Av. Independencia 1800 &#8211; SMT).<\/p>\n<p>Este encuentro estar\u00e1 a cargo de el\u00a0<strong>Mag. Ing. Ortega Hugo Orlando<\/strong>\u00a0y el\u00a0<strong>Lic. Namur Jorge Habib.<\/strong><\/p>\n<ul>\n<li>Consultas: <strong>utd@herrera.unt.edu.ar<\/strong><\/li>\n<\/ul>\n<p>&nbsp;<\/p>\n<blockquote><p>Sobre los Expositores:<\/p>\n<p><strong>Mag. Ing. Ortega Hugo Orlando<\/strong><\/p><\/blockquote>\n<div>\n<blockquote><p>Profesor Titular en la Facultad de Ciencias Exactas y Tecnolog\u00eda &#8211; UNT, dise\u00f1ador e implementador de Soluciones de Infraestructura Inform\u00e1tica (Centros de C\u00f3mputos, Datacenters y Redes LAN cableadas y Wireless, virtualizaci\u00f3n de servidores), en empresas y organismos gubernamentales en la regi\u00f3n NOA. Capacitador de cursos relacionados con las TIC&#8217;s (Tecnolog\u00edas de la Informaci\u00f3n y Computaci\u00f3n).<strong>Lic.<\/strong><\/p><\/blockquote>\n<div>\n<blockquote><p><strong>Namour Jorge Habib<\/strong><\/p>\n<p>Licenciado en Inform\u00e1tica, profesor adjunto en el Departamento de Ciencias de la Computaci\u00f3n de la FACET-UNT. Alumno \u00faltimo a\u00f1o del Doctorado en Ciencias Exactas e Ingenier\u00eda. Experto en el \u00e1rea de Ciencia de Datos y Desarrollo de Software.<\/p>\n<p>&nbsp;<\/p><\/blockquote>\n<\/div>\n<\/div>\n<p>Esta es una actividad organizada por la Universidad Nacional de Tucum\u00e1n como Unidad de Transformaci\u00f3n Digital del NOA (UTD) y el Ministerio de Desarrollo Productivo de la Naci\u00f3n.<\/p>\n<p><strong><em>Importante: Actividad gratuita<\/em><\/strong><\/p>\n<p><a style=\"align-content: center; width: 100%;\" href=\"https:\/\/forms.gle\/whDwDAzhgQf3fsGv6\" target=\"_blank\" rel=\"noopener\"><br \/>\n<img decoding=\"async\" loading=\"lazy\" class=\"size-full wp-image-673 aligncenter\" src=\"https:\/\/www.facet.unt.edu.ar\/utd\/wp-content\/uploads\/sites\/82\/2022\/07\/INSTAGRAM-Y-WEB-2-1080-\u00d7-1350-px-1.png\" alt=\"Inscripci\u00f3n\" width=\"432\" height=\"540\" \/><br \/>\n<\/a><br \/>\n<strong>\u00a1Los esperamos!<\/strong><\/p>\n<div id=\"fb-root\"><\/div>\n<p><script async defer crossorigin=\"anonymous\" src=\"https:\/\/connect.facebook.net\/es_ES\/sdk.js#xfbml=1&#038;version=v14.0&#038;appId=5119808918056946&#038;autoLogAppEvents=1\" nonce=\"6ftdZpVe\"><\/script><\/p>\n<div class=\"fb-share-button\" data-href=\"https:\/\/www.facet.unt.edu.ar\/utd\/2022\/06\/25\/2do-taller-de-sensibilizacion-beneficios-y-desafios-de-la-transformacion-digital\/\" data-layout=\"button_count\" data-size=\"small\"><a class=\"fb-xfbml-parse-ignore\" href=\"https:\/\/www.facebook.com\/sharer\/sharer.php?u=https%3A%2F%2Fwww.facet.unt.edu.ar%2Futd%2F2022%2F06%2F25%2F2do-taller-de-sensibilizacion-beneficios-y-desafios-de-la-transformacion-digital%2F&amp;src=sdkpreparse\" target=\"_blank\" rel=\"noopener\">Compartir<\/a><\/div>\n","protected":false},"excerpt":{"rendered":"<p>La\u00a0Unidad de Transformaci\u00f3n Digital de la UNT\u00a0invita a las\u00a0MiPyME del NOA (Tucum\u00e1n-Salta- Jujuy &#8211; Santiago del Estero y Catamarca), a participar del segundo Taller de Sensibilizaci\u00f3n, titulado &#8220;Beneficios y desaf\u00edos de la Transformaci\u00f3n Digital&#8221;. El mismo se llevar\u00e1 a cabo el pr\u00f3ximo martes 26 de julio, de 17 a 20 hs. en la Facultad de [&hellip;]<\/p>\n","protected":false},"author":123477,"featured_media":693,"comment_status":"closed","ping_status":"closed","sticky":false,"template":"","format":"standard","meta":[],"categories":[1],"tags":[],"_links":{"self":[{"href":"https:\/\/www.facet.unt.edu.ar\/utd\/wp-json\/wp\/v2\/posts\/653"}],"collection":[{"href":"https:\/\/www.facet.unt.edu.ar\/utd\/wp-json\/wp\/v2\/posts"}],"about":[{"href":"https:\/\/www.facet.unt.edu.ar\/utd\/wp-json\/wp\/v2\/types\/post"}],"author":[{"embeddable":true,"href":"https:\/\/www.facet.unt.edu.ar\/utd\/wp-json\/wp\/v2\/users\/123477"}],"replies":[{"embeddable":true,"href":"https:\/\/www.facet.unt.edu.ar\/utd\/wp-json\/wp\/v2\/comments?post=653"}],"version-history":[{"count":12,"href":"https:\/\/www.facet.unt.edu.ar\/utd\/wp-json\/wp\/v2\/posts\/653\/revisions"}],"predecessor-version":[{"id":734,"href":"https:\/\/www.facet.unt.edu.ar\/utd\/wp-json\/wp\/v2\/posts\/653\/revisions\/734"}],"wp:featuredmedia":[{"embeddable":true,"href":"https:\/\/www.facet.unt.edu.ar\/utd\/wp-json\/wp\/v2\/media\/693"}],"wp:attachment":[{"href":"https:\/\/www.facet.unt.edu.ar\/utd\/wp-json\/wp\/v2\/media?parent=653"}],"wp:term":[{"taxonomy":"category","embeddable":true,"href":"https:\/\/www.facet.unt.edu.ar\/utd\/wp-json\/wp\/v2\/categories?post=653"},{"taxonomy":"post_tag","embeddable":true,"href":"https:\/\/www.facet.unt.edu.ar\/utd\/wp-json\/wp\/v2\/tags?post=653"}],"curies":[{"name":"wp","href":"https:\/\/api.w.org\/{rel}","templated":true}]}}