{"id":774,"date":"2022-07-30T00:43:50","date_gmt":"2022-07-30T00:43:50","guid":{"rendered":"https:\/\/www.facet.unt.edu.ar\/utd\/?p=774"},"modified":"2022-08-01T20:12:12","modified_gmt":"2022-08-01T20:12:12","slug":"entrevista-de-los-primeros-tucuman-al-coordinador-de-la-utd","status":"publish","type":"post","link":"https:\/\/www.facet.unt.edu.ar\/utd\/2022\/07\/30\/entrevista-de-los-primeros-tucuman-al-coordinador-de-la-utd\/","title":{"rendered":"Entrevista de Los Primeros Tucum\u00e1n al coordinador de la UTD"},"content":{"rendered":"<p>El coordinador\u00a0 de la UTD, <strong>Ing. Esteban Saborido<\/strong>, fue entrevistado por el programa<strong> &#8220;Los Primeros&#8221;<\/strong> para consultar sobre los talleres y seminarios brindados por nuestro equipo a las<strong> Pymes del NOA<\/strong>.<\/p>\n<p>Esta entrevista fue publicado en la p\u00e1gina de Facebook de los primeros: <a href=\"https:\/\/www.facebook.com\/losprimeros.tucuman\" target=\"_blank\" rel=\"noopener\">Los Primeros Tucum\u00e1n &#8211; Facebook<\/a><\/p>\n<p>A contunuaci\u00f3n les mostramos la entrevista.<\/p>\n<p><iframe loading=\"lazy\" style=\"border: none; overflow: hidden;\" src=\"https:\/\/www.facebook.com\/plugins\/video.php?height=314&amp;href=https%3A%2F%2Fwww.facebook.com%2Flosprimeros.tucuman%2Fvideos%2F4847742325330949%2F&amp;show_text=false&amp;width=560&amp;t=0\" width=\"560\" height=\"314\" frameborder=\"0\" scrolling=\"no\" allowfullscreen=\"allowfullscreen\"><\/iframe><\/p>\n","protected":false},"excerpt":{"rendered":"<p>El coordinador\u00a0 de la UTD, Ing. Esteban Saborido, fue entrevistado por el programa &#8220;Los Primeros&#8221; para consultar sobre los talleres y seminarios brindados por nuestro equipo a las Pymes del NOA. Esta entrevista fue publicado en la p\u00e1gina de Facebook de los primeros: Los Primeros Tucum\u00e1n &#8211; Facebook A contunuaci\u00f3n les mostramos la entrevista.<\/p>\n","protected":false},"author":123477,"featured_media":779,"comment_status":"closed","ping_status":"closed","sticky":false,"template":"","format":"standard","meta":[],"categories":[4],"tags":[],"_links":{"self":[{"href":"https:\/\/www.facet.unt.edu.ar\/utd\/wp-json\/wp\/v2\/posts\/774"}],"collection":[{"href":"https:\/\/www.facet.unt.edu.ar\/utd\/wp-json\/wp\/v2\/posts"}],"about":[{"href":"https:\/\/www.facet.unt.edu.ar\/utd\/wp-json\/wp\/v2\/types\/post"}],"author":[{"embeddable":true,"href":"https:\/\/www.facet.unt.edu.ar\/utd\/wp-json\/wp\/v2\/users\/123477"}],"replies":[{"embeddable":true,"href":"https:\/\/www.facet.unt.edu.ar\/utd\/wp-json\/wp\/v2\/comments?post=774"}],"version-history":[{"count":3,"href":"https:\/\/www.facet.unt.edu.ar\/utd\/wp-json\/wp\/v2\/posts\/774\/revisions"}],"predecessor-version":[{"id":777,"href":"https:\/\/www.facet.unt.edu.ar\/utd\/wp-json\/wp\/v2\/posts\/774\/revisions\/777"}],"wp:featuredmedia":[{"embeddable":true,"href":"https:\/\/www.facet.unt.edu.ar\/utd\/wp-json\/wp\/v2\/media\/779"}],"wp:attachment":[{"href":"https:\/\/www.facet.unt.edu.ar\/utd\/wp-json\/wp\/v2\/media?parent=774"}],"wp:term":[{"taxonomy":"category","embeddable":true,"href":"https:\/\/www.facet.unt.edu.ar\/utd\/wp-json\/wp\/v2\/categories?post=774"},{"taxonomy":"post_tag","embeddable":true,"href":"https:\/\/www.facet.unt.edu.ar\/utd\/wp-json\/wp\/v2\/tags?post=774"}],"curies":[{"name":"wp","href":"https:\/\/api.w.org\/{rel}","templated":true}]}}